{"id":1153,"date":"2023-04-05T14:43:10","date_gmt":"2023-04-05T12:43:10","guid":{"rendered":"https:\/\/francismizio.net\/?p=1153"},"modified":"2026-04-11T10:30:12","modified_gmt":"2026-04-11T08:30:12","slug":"il-est-desormais-interdit-de-parler-meteo-sur-le-lieu-de-travail","status":"publish","type":"post","link":"https:\/\/francis-mizio.net\/index.php\/2023\/04\/05\/il-est-desormais-interdit-de-parler-meteo-sur-le-lieu-de-travail\/","title":{"rendered":"Il est d\u00e9sormais interdit de parler m\u00e9t\u00e9o sur le lieu de travail : un vade-mecum du manager gratuit \u00e0 t\u00e9l\u00e9charger"},"content":{"rendered":"<div class=\"reader-article-content reader-article-content--content-blocks\" dir=\"ltr\" style=\"text-align: justify;\"><span class=\"break-words\"><span dir=\"ltr\">De plus en plus d&rsquo;entreprises soucieuses de productivit\u00e9 se r\u00e9signent \u00e0 interdire les conversations m\u00e9t\u00e9o sur le lieu de travail. Cette \u00e9volution n\u00e9cessaire peut parfois perturber une hi\u00e9rarchie souvent d\u00e9j\u00e0 surcharg\u00e9e, de ma\u00eetrise \u00e0 cadre : chef d&rsquo;\u00e9quipe, de service ; n+1, n+2, managers&#8230; Tous sont parfois d\u00e9sempar\u00e9s. Comment aborder cette question ? Comment traiter les situations nouvelles que cela peut faire na\u00eetre ?<br \/>\nFort de mon pass\u00e9 en communication d&rsquo;entreprise externe et interne ainsi qu&rsquo;en formation initiale ou continue, j&rsquo;ai r\u00e9dig\u00e9 un \u00ab\u00a0Vademecum du manager\u00a0\u00bb de 26 pages pour accompagner et aider l&rsquo;encadrement sur ce nouveau paradigme : imp\u00e9ratifs pour l&rsquo;entreprise, \u00e9l\u00e9ments de langage, formation, nomination d&rsquo;un r\u00e9f\u00e9rent m\u00e9t\u00e9o, relations RH et situations conflictuelles&#8230; Il est gratuit, t\u00e9l\u00e9chargeable ici &gt;\u00a0<a href=\"https:\/\/francismizio.net\/wp-content\/uploads\/2023\/04\/VademecumduManagerConversationmeteo.pdf\" target=\"_blank\" rel=\"noopener\">Vademecum du Manager Conversations meteo<\/a><\/span><\/span><\/div>\n","protected":false},"excerpt":{"rendered":"<p>De plus en plus d&rsquo;entreprises soucieuses de productivit\u00e9 se r\u00e9signent \u00e0 interdire les conversations m\u00e9t\u00e9o sur le lieu de travail. Cette \u00e9volution n\u00e9cessaire peut parfois perturber une hi\u00e9rarchie souvent d\u00e9j\u00e0 surcharg\u00e9e, de ma\u00eetrise \u00e0 cadre : chef d&rsquo;\u00e9quipe, de service ; n+1, n+2, managers&#8230; Tous sont parfois d\u00e9sempar\u00e9s. Comment aborder cette question ? Comment traiter<\/p>\n","protected":false},"author":1,"featured_media":2137,"comment_status":"closed","ping_status":"closed","sticky":false,"template":"","format":"standard","meta":{"_acf_changed":false,"footnotes":""},"categories":[32,5],"tags":[],"fm_constellation":[143,142],"class_list":["post-1153","post","type-post","status-publish","format-standard","has-post-thumbnail","hentry","category-labo-ia-textes","category-news"],"acf":[],"share_on_mastodon":{"url":"","error":""},"_links":{"self":[{"href":"https:\/\/francis-mizio.net\/index.php\/wp-json\/wp\/v2\/posts\/1153","targetHints":{"allow":["GET"]}}],"collection":[{"href":"https:\/\/francis-mizio.net\/index.php\/wp-json\/wp\/v2\/posts"}],"about":[{"href":"https:\/\/francis-mizio.net\/index.php\/wp-json\/wp\/v2\/types\/post"}],"author":[{"embeddable":true,"href":"https:\/\/francis-mizio.net\/index.php\/wp-json\/wp\/v2\/users\/1"}],"replies":[{"embeddable":true,"href":"https:\/\/francis-mizio.net\/index.php\/wp-json\/wp\/v2\/comments?post=1153"}],"version-history":[{"count":1,"href":"https:\/\/francis-mizio.net\/index.php\/wp-json\/wp\/v2\/posts\/1153\/revisions"}],"predecessor-version":[{"id":2138,"href":"https:\/\/francis-mizio.net\/index.php\/wp-json\/wp\/v2\/posts\/1153\/revisions\/2138"}],"wp:featuredmedia":[{"embeddable":true,"href":"https:\/\/francis-mizio.net\/index.php\/wp-json\/wp\/v2\/media\/2137"}],"wp:attachment":[{"href":"https:\/\/francis-mizio.net\/index.php\/wp-json\/wp\/v2\/media?parent=1153"}],"wp:term":[{"taxonomy":"category","embeddable":true,"href":"https:\/\/francis-mizio.net\/index.php\/wp-json\/wp\/v2\/categories?post=1153"},{"taxonomy":"post_tag","embeddable":true,"href":"https:\/\/francis-mizio.net\/index.php\/wp-json\/wp\/v2\/tags?post=1153"},{"taxonomy":"fm_constellation","embeddable":true,"href":"https:\/\/francis-mizio.net\/index.php\/wp-json\/wp\/v2\/fm_constellation?post=1153"}],"curies":[{"name":"wp","href":"https:\/\/api.w.org\/{rel}","templated":true}]}}