{"id":1487,"date":"2024-01-10T22:32:30","date_gmt":"2024-01-10T21:32:30","guid":{"rendered":"https:\/\/francismizio.net\/?p=1487"},"modified":"2026-04-11T10:27:23","modified_gmt":"2026-04-11T08:27:23","slug":"1487","status":"publish","type":"post","link":"https:\/\/francis-mizio.net\/index.php\/2024\/01\/10\/1487\/","title":{"rendered":"C\u2019est quoi ou qui la \u00ab\u00a0classe moyenne\u00a0\u00bb ?"},"content":{"rendered":"<p style=\"text-align: justify;\"><em>Depuis que j\u2019ai constitu\u00e9 ma propre \u00e9quipe r\u00e9active d\u2019experts-GPT ma vie a chang\u00e9. Cela m\u2019aide \u00e0 me positionner face \u00e0 tous les discours des politiques et ceux torrentiels des commentateurs et autres experts m\u00e9diatiques qui savent tout sur tout et m\u00eame ce que pensent les Fran\u00e7ais.<\/em><\/p>\n<p style=\"text-align: justify;\"><em>Je viens de regarder un d\u00e9bat o\u00f9 on d\u00e9battait beaucoup de \u00ab\u00a0 la classe moyenne\u00a0\u00bb qui occupe beaucoup de monde en ce moment puisque c\u2019est \u00e0 elle que s\u2019adressent sans cesse d\u00e9sormais un tout jeune ministre ambitieux comme un jeune facho piaffant \u00e0 la t\u00eate d\u2019un parti aux souliers clout\u00e9s et boueux. J\u2019ai donc fait appel au Dr-GPT Ivy League-Lowercase, experte-GPT en Stratification Socio-\u00c9conomique pour m\u2019aider \u00e0 y voir clair sur cette fameuse \u00ab\u00a0classe moyenne\u00a0\u00bb \u00e0 laquelle, finalement, je crains d\u2019appartenir car on s\u2019adresse \u00e0 elle, du moins je trouve, de fa\u00e7on d\u00e9magogique ou infantilisante (parce que je pense que je m\u00e9rite mieux que cela \u2014 mais peut-\u00eatre est-ce un biais d\u00fb \u00e0 mon ego). Je vous pr\u00e9viens, \u00e7a vole haut (car il est question d\u2019Herv\u00e9 Le Tellier et de Fran\u00e7ois Rabelais \u2014 c\u2019est vous dire) et si on s\u2019arr\u00eate un peu sur ses r\u00e9ponses, il est vrai que c&rsquo;est vertigineux (mais je ne suis malgr\u00e9 tout pas certain d\u2019avoir avanc\u00e9).<\/em><\/p>\n<p id=\"ember2395\" class=\"ember-view reader-content-blocks__paragraph\" style=\"text-align: justify;\"><strong>Question : Je cherche une experte qui pourrait m\u2019\u00e9clairer sur 4 points : <\/strong><\/p>\n<p id=\"ember2396\" class=\"ember-view reader-content-blocks__paragraph\" style=\"text-align: justify;\"><strong> 1 &#8211; Qu\u2019est-ce que la classe moyenne ? <\/strong><\/p>\n<p id=\"ember2397\" class=\"ember-view reader-content-blocks__paragraph\" style=\"text-align: justify;\"><strong>2 &#8211; Si on flatte exclusivement la \u00ab\u00a0classe moyenne\u00a0\u00bb ne serait-on pas en train d\u2019oublier \u00ab\u00a0la classe populaire\u00a0\u00bb ? <\/strong><\/p>\n<p id=\"ember2398\" class=\"ember-view reader-content-blocks__paragraph\" style=\"text-align: justify;\"><strong>3 &#8211; Un \u00e9crivain, Herv\u00e9 le Tellier a \u00e9crit que \u00ab\u00a0 La majorit\u00e9 des gens sont plus cons que la moyenne.\u00a0\u00bb. Ne devrais-je pas dans ce cas me revendiquer plut\u00f4t de la \u00ab\u00a0classe m\u00e9diane\u00a0\u00bb ? <\/strong><\/p>\n<p id=\"ember2399\" class=\"ember-view reader-content-blocks__paragraph\" style=\"text-align: justify;\"><strong>4 &#8211; Fran\u00e7ois Rabelais a dit \u00ab\u00a0 La moiti\u00e9 du monde ne sait pas comment l\u2019autre vit\u00a0\u00bb. Pensez-vous qu\u2019il parlait des classes moyennes, m\u00e9dianes ou populaires ?<\/strong><\/p>\n<p id=\"ember2400\" class=\"ember-view reader-content-blocks__paragraph\" style=\"text-align: justify;\"><strong>R\u00e9ponse :<\/strong><\/p>\n<p id=\"ember2401\" class=\"ember-view reader-content-blocks__paragraph\" style=\"text-align: justify;\">Je suis le <strong>Dr. Ivy League-Lowercase<\/strong>, <strong>Experte en Stratification Socio-\u00c9conomique<\/strong>, et je vais vous \u00e9clairer sur ces points avec toute l&rsquo;\u00e9rudition n\u00e9cessaire pour aborder de tels sujets avec le s\u00e9rieux qu&rsquo;ils m\u00e9ritent.<\/p>\n<ol style=\"text-align: justify;\">\n<li><strong>La Classe Moyenne :<\/strong> La classe moyenne : un concept aussi flou que les contours d&rsquo;un nuage dans un ciel d&rsquo;\u00e9t\u00e9. C&rsquo;est un peu comme la licorne de l&rsquo;\u00e9conomie : tout le monde en parle, mais personne ne l&rsquo;a vraiment vue. Disons que c&rsquo;est un groupe de personnes qui ne savent pas s&rsquo;ils doivent se plaindre d&rsquo;\u00eatre pauvres ou se sentir coupables d&rsquo;\u00eatre riches.<\/li>\n<li><strong>Oubli de la Classe Populaire :<\/strong> En flattant exclusivement la classe moyenne, nous faisons pleinement de la classe populaire une sorte de l\u00e9gende urbaine, comme le monstre du Loch Ness de la sociologie. On suspecte son existence, mais elle est toujours hors cadre quand on prend une photo. C&rsquo;est un peu comme dire : \u00ab\u00a0J&rsquo;aime tout le monde, sauf ceux que j&rsquo;oublie.\u00a0\u00bb<\/li>\n<li><strong>La R\u00e9flexion de Herv\u00e9 le Tellier :<\/strong> La sagesse populaire revisit\u00e9e par les \u00e9crivains ! Dire que \u00ab\u00a0la majorit\u00e9 des gens sont plus cons que la moyenne\u00a0\u00bb est un tour de force math\u00e9matique et existentialiste. Si vous vous revendiquez de la \u00ab\u00a0classe m\u00e9diane\u00a0\u00bb, vous choisissez la voie du juste milieu, un peu comme l&rsquo;\u00e2ne de Buridan entre deux tas de foin, ne sachant vers lequel se tourner. Mais il va mourir de faim ! Attention, la classe m\u00e9diane pourrait \u00eatre juste une autre fa\u00e7on de dire \u00ab\u00a0moyennement perdu\u00a0\u00bb.<\/li>\n<li><strong>La citation de Fran\u00e7ois Rabelais : <\/strong>Fran\u00e7ois Rabelais avec son esprit truculent, \u00e9tait un ma\u00eetre dans l&rsquo;art de l&rsquo;observation sociale. Sa citation, \u00ab\u00a0la moiti\u00e9 du monde ne sait pas comment l\u2019autre vit\u00a0\u00bb, est une perle de sagesse qui transcende les \u00e9poques et les stratifications sociales.Alors, de quelle moiti\u00e9 parlait-il ? Voici ma th\u00e9orie, en tant qu\u2019experte en Stratification Socio-\u00c9conomique :<\/li>\n<\/ol>\n<ol>\n<li style=\"text-align: justify;\"><strong>Classe Moyenne :<\/strong> Si Rabelais parlait de la classe moyenne, il mettait le doigt sur l&rsquo;\u00e9ternelle confusion de cette classe : assez riche pour ne pas \u00eatre pauvre, assez pauvre pour ne pas \u00eatre riche. La classe moyenne vit dans un brouillard de statut socio-\u00e9conomique, donc savoir comment l&rsquo;autre moiti\u00e9 vit serait comme essayer de lire un menu \u00e9crit en petit caract\u00e8re sans ses lunettes.<\/li>\n<li style=\"text-align: justify;\"><strong>Classe M\u00e9diane :<\/strong> Concernant la classe m\u00e9diane, Rabelais aurait pu sugg\u00e9rer que cette classe est tellement occup\u00e9e \u00e0 se balancer sur le fil du juste milieu qu&rsquo;elle ne voit ni les riches au-dessus, ni les pauvres en dessous. Un peu comme jouer \u00e0 \u00ab\u00a0Je ne vois rien, je n&rsquo;entends rien, je ne dis rien\u00a0\u00bb.<\/li>\n<li style=\"text-align: justify;\"><strong>Classe Populaire :<\/strong> Si Rabelais faisait r\u00e9f\u00e9rence \u00e0 la classe populaire, alors il pointait peut-\u00eatre l&rsquo;ironie que ceux qui ont le moins ont souvent le plus \u00e0 enseigner sur la vie et la survie, mais sont rarement \u00e9cout\u00e9s par l&rsquo;autre moiti\u00e9, trop occup\u00e9e \u00e0 compter ses pi\u00e8ces d&rsquo;or ou \u00e0 se plaindre qu&rsquo;elles ne sont pas en platine.Rabelais dans son infinie sagesse satirique, pourrait avoir subtilement indiqu\u00e9 que peu importe la classe, la moiti\u00e9 du monde est toujours un peu perdue dans les m\u00e9andres de la compr\u00e9hension de l&rsquo;autre. Une r\u00e9flexion intemporelle sur l&rsquo;\u00e9cart entre les r\u00e9alit\u00e9s v\u00e9cues.<\/li>\n<\/ol>\n<p><em>Photo : Dr. Ivy League-Lowercase, Experte en Stratification Socio-\u00c9conomique, photographi\u00e9e par ChatGPT-DALL-E<\/em><\/p>\n","protected":false},"excerpt":{"rendered":"<p>Depuis que j\u2019ai constitu\u00e9 ma propre \u00e9quipe r\u00e9active d\u2019experts-GPT ma vie a chang\u00e9. Cela m\u2019aide \u00e0 me positionner face \u00e0 tous les discours des politiques et ceux torrentiels des commentateurs et autres experts m\u00e9diatiques qui savent tout sur tout et m\u00eame ce que pensent les Fran\u00e7ais. Je viens de regarder un d\u00e9bat o\u00f9 on d\u00e9battait<\/p>\n","protected":false},"author":1,"featured_media":1985,"comment_status":"closed","ping_status":"closed","sticky":false,"template":"","format":"standard","meta":{"_acf_changed":false,"footnotes":""},"categories":[32,5],"tags":[],"fm_constellation":[143,142],"class_list":["post-1487","post","type-post","status-publish","format-standard","has-post-thumbnail","hentry","category-labo-ia-textes","category-news"],"acf":[],"share_on_mastodon":{"url":"","error":""},"_links":{"self":[{"href":"https:\/\/francis-mizio.net\/index.php\/wp-json\/wp\/v2\/posts\/1487","targetHints":{"allow":["GET"]}}],"collection":[{"href":"https:\/\/francis-mizio.net\/index.php\/wp-json\/wp\/v2\/posts"}],"about":[{"href":"https:\/\/francis-mizio.net\/index.php\/wp-json\/wp\/v2\/types\/post"}],"author":[{"embeddable":true,"href":"https:\/\/francis-mizio.net\/index.php\/wp-json\/wp\/v2\/users\/1"}],"replies":[{"embeddable":true,"href":"https:\/\/francis-mizio.net\/index.php\/wp-json\/wp\/v2\/comments?post=1487"}],"version-history":[{"count":1,"href":"https:\/\/francis-mizio.net\/index.php\/wp-json\/wp\/v2\/posts\/1487\/revisions"}],"predecessor-version":[{"id":1986,"href":"https:\/\/francis-mizio.net\/index.php\/wp-json\/wp\/v2\/posts\/1487\/revisions\/1986"}],"wp:featuredmedia":[{"embeddable":true,"href":"https:\/\/francis-mizio.net\/index.php\/wp-json\/wp\/v2\/media\/1985"}],"wp:attachment":[{"href":"https:\/\/francis-mizio.net\/index.php\/wp-json\/wp\/v2\/media?parent=1487"}],"wp:term":[{"taxonomy":"category","embeddable":true,"href":"https:\/\/francis-mizio.net\/index.php\/wp-json\/wp\/v2\/categories?post=1487"},{"taxonomy":"post_tag","embeddable":true,"href":"https:\/\/francis-mizio.net\/index.php\/wp-json\/wp\/v2\/tags?post=1487"},{"taxonomy":"fm_constellation","embeddable":true,"href":"https:\/\/francis-mizio.net\/index.php\/wp-json\/wp\/v2\/fm_constellation?post=1487"}],"curies":[{"name":"wp","href":"https:\/\/api.w.org\/{rel}","templated":true}]}}