{"id":21622,"date":"2026-03-09T10:00:29","date_gmt":"2026-03-09T09:00:29","guid":{"rendered":"https:\/\/francis-mizio.net\/?p=21622"},"modified":"2026-04-11T10:02:06","modified_gmt":"2026-04-11T08:02:06","slug":"un-retour-de-belgique-sur-mon-dernier-a-ce-jour-roman-ces-mots-dit-volatils","status":"publish","type":"post","link":"https:\/\/francis-mizio.net\/index.php\/2026\/03\/09\/un-retour-de-belgique-sur-mon-dernier-a-ce-jour-roman-ces-mots-dit-volatils\/","title":{"rendered":"Un retour de Belgique sur mon dernier (\u00e0 ce jour) roman \u00ab\u00a0Ces mots dit volatils\u00a0\u00bb"},"content":{"rendered":"<p style=\"text-align: justify;\"><span style=\"color: #800000;\"><strong><em><img loading=\"lazy\" decoding=\"async\" class=\"alignleft wp-image-20823 size-medium\" src=\"https:\/\/francis-mizio.net\/wp-content\/uploads\/2025\/12\/UneVolatils02-1-188x300.jpg\" alt=\"\" width=\"188\" height=\"300\" srcset=\"https:\/\/francis-mizio.net\/wp-content\/uploads\/2025\/12\/UneVolatils02-1-188x300.jpg 188w, https:\/\/francis-mizio.net\/wp-content\/uploads\/2025\/12\/UneVolatils02-1-642x1024.jpg 642w, https:\/\/francis-mizio.net\/wp-content\/uploads\/2025\/12\/UneVolatils02-1-768x1225.jpg 768w, https:\/\/francis-mizio.net\/wp-content\/uploads\/2025\/12\/UneVolatils02-1-963x1536.jpg 963w, https:\/\/francis-mizio.net\/wp-content\/uploads\/2025\/12\/UneVolatils02-1-1284x2048.jpg 1284w, https:\/\/francis-mizio.net\/wp-content\/uploads\/2025\/12\/UneVolatils02-1.jpg 1550w\" sizes=\"auto, (max-width: 188px) 100vw, 188px\" \/>Il se passe que j&rsquo;ai depuis toujours quelques lecteurs fid\u00e8les en Belgique, pays<\/em><\/strong><\/span><span style=\"color: #800000;\"><strong><em> ma\u00eetre en terme d&rsquo;absurde, de non sens, d&rsquo;humour, d&rsquo;auto-d\u00e9rision au travers de multiples formes artistiques (litt\u00e9rature, cin\u00e9ma, peinture, photographie&#8230;) avec des autrices et auteurs, des artistes de tous genre r\u00e9jouissants. Le surr\u00e9alisme n&rsquo;est pas belge pour rien. (Constat que j&rsquo;ai d&rsquo;ailleurs exprim\u00e9 maintes fois sur <\/em><a href=\"https:\/\/vis-comica.francis-mizio.net\/vis-comica\/\" target=\"_blank\" rel=\"noopener\">VIS COMICA<\/a> <em>mon site sp\u00e9cialis\u00e9 sur la litt\u00e9rature et les \u00e9crits satiriques et\/ou humoristiques,) <\/em><\/strong><\/span><span style=\"color: #800000;\"><strong><em>Je dois sans doute entrer en connexion avec leur sensibilit\u00e9.<\/em><\/strong><\/span><span style=\"color: #800000;\"><strong><em><br \/>\nParmi ces lecteurs fid\u00e8les, il y a Guy L. grand lecteur, qui m&rsquo;a envoy\u00e9 un courriel ce 6 mars 2026 au soir apr\u00e8s avoir lu mon dernier roman \u00e0 ce jour <\/em><a href=\"https:\/\/francis-mizio.net\/index.php\/2026\/02\/22\/ces-mots-dits-volatils-mon-dernier-roman-vient-de-paraitre\/\" target=\"_blank\" rel=\"noopener\">\u00ab\u00a0Ces mots dits volatils\u00a0\u00bb<\/a>.<em> Un courriel qui\u00a0 fait du bien quand on doute de ce qu&rsquo;on fait, et \u00e0 quoi bon \u00e9crire et tenter de publier aujourd&rsquo;hui.<br \/>\nEntre ses mots, mes r\u00e9ponses sont publi\u00e9es ici en italiques et en marron.<br \/>\n<\/em><\/strong><\/span><\/p>\n<hr \/>\n<p>Bonjour Francis,<br \/>\nJe prends quelques instants pour mon retour sur ton dernier opus \u2018small talk&rsquo;. (&#8230;) Bon, l&rsquo;ouvrage est plaisant, il m\u00e9rite d&rsquo;\u00eatre lu et que cela se partage ! Les probl\u00e8mes de typo sont finalement assez minimes et vite oubli\u00e9s.<\/p>\n<p style=\"padding-left: 120px; text-align: justify;\"><span style=\"color: #800000;\"><em>Bonjour Guy,<\/em><\/span><br \/>\n<span style=\"color: #800000;\"><em>Merci \u2014 vraiment \u2014 infiniment pour ce mail, car tu es le premier et le seul \u00e0 me faire un retour sur ce bouquin. Je ne v\u00e9rifie pas pour ne pas d\u00e9primer, mais je pense que si j\u2019en ai vendu une vingtaine, ce doit \u00eatre un maximum. J\u2019en \u00e9tais \u00e0 me dire que le sujet n\u2019int\u00e9resse pas, que ceux qui auraient lu se sont ennuy\u00e9 (fort possible), etc. Bref, un rat\u00e9. Outre que c\u2019est de l\u2019auto-\u00e9dition \u00e0 coquilles \u00e0 oublier, <a href=\"https:\/\/www.amazon.fr\/dp\/B0GCTFBLH9\/ref=sr_1_6?__mk_fr_FR=%C3%85M%C3%85%C5%BD%C3%95%C3%91&amp;crid=LJP3QIUZYHGM&amp;dib=eyJ2IjoiMSJ9.MHSS5jEUpqMZY7Y1DFfsJcJlGPtCR39OuY6wm7PNxNGzJvEfupqZgF9fqQ9bH3wNbzOkP5WKG7DYMzIp3-Z6KSjCu2wk6PlJ740uIgaeTRHhqamyR8R2TRJjkZCVWlugSWceQGHnbuSa68S8D7B300pA26e6TrpjcgGxiVWPec26HLxKIxAp51NxoaZwCcttVDFXH8IvoNeJ9U1pgnOqH4gt94uXVTZLpDuy-2kGickq1pXMQSlSZK-eW5SOeDxjDa3xj3y3tUliyl3NpVswugVdIzdBStcJM5IWwH3st-I.Bsgxl9OkrXPsL6t7g_9HPRPSh7MHIUcPrCm5Tj9jc3E&amp;dib_tag=se&amp;keywords=Francis+Mizio&amp;qid=1766845743&amp;sprefix=francis+mizi%2Caps%2C233&amp;sr=8-6\" target=\"_blank\" rel=\"noopener\">vendu chez le diable<\/a>, et que cela n\u2019aura fait que me d\u00e9fouler\u2026 Mais si \u00e7a n&rsquo;aura plu \u00e0 m\u00eame qu&rsquo;un seul, alors c\u2019est d\u00e9j\u00e0 une r\u00e9ussite. Donc encore merci. Je suis gourmand de retours, m\u00eame s\u00e9v\u00e8res, m\u00eames tr\u00e8s critiques\u2026 \u00c7a m\u2019aiderait. H\u00e9las, il est exceptionnel d\u2019en avoir.<\/em><\/span><\/p>\n<p style=\"padding-left: 120px; text-align: justify;\">L&rsquo;entr\u00e9e sur le sujet est assez directe, et il s&rsquo;ensuit une p\u00e9riode d\u00e9routante car on s&rsquo;attend \u00e0 une action qui est sans cesse repouss\u00e9e sous des pr\u00e9textes de documentation\u2026 et un moment cela en devient m\u00eame une ode \u00e0 la procrastination et c&rsquo;est assez jouissif\u2026 tu nous as bien men\u00e9s !<br \/>\nEt comme dans toute procrastination, vient le moment o\u00f9 on doit faire face \u00e0 son destin\u2026 Les pages se d\u00e9vorent avec palpitation\u2026<br \/>\nLa rencontre avec le King du Small Talk est admirable\u2026 on ne s&rsquo;attendait pas \u00e0 ce flot quasi naturel de paroles\u2026 et l\u00e0, sous un coup digne des trag\u00e9dies, la fuite et la fin du bouquin (forc\u00e9ment une telle fuite ne pouvait se terminer en op\u00e9ra ou plus les com\u00e9diens meurent, plus leur agonie est pr\u00e9texte \u00e0 des chants\u2026)<\/p>\n<p style=\"padding-left: 120px; text-align: justify;\"><span style=\"color: #800000;\"><em>En fait, il y a eu un probl\u00e8me dont je me suis rendu compte assez t\u00f4t : si Ladislas rencontrait et interviewait Bonnet t\u00f4t (ce qui \u00e9tait le projet initial, raconter les interviews, la vie de Bonnet, et des pages du guide que j\u2019ai finalement mises sur le web en <\/em><a href=\"https:\/\/francis-mizio.net\/index.php\/2026\/02\/24\/lultimate-small-talk-database-le-site-web-sur-le-small-talk-de-competition-complement-de-mon-roman-les-mots-dits-volatils\/\" target=\"_blank\" rel=\"noopener\">Ultimate Small Talk Database<\/a><em>), le bouquin serait \u00e0 70 % compos\u00e9 de small talk et ce serait insupportable. Donc il me fallait \u00e9viter le corps m\u00eame du sujet\u2026 D\u2019o\u00f9 la procrastination. L\u2019\u00e9vitement de Ladislas est somme toute aussi le mien \ud83d\ude42<\/em><\/span><\/p>\n<p style=\"padding-left: 120px;\">Joli coup litt\u00e9raire !<\/p>\n<p style=\"padding-left: 120px;\"><span style=\"color: #800000;\"><em>Merci.<\/em><\/span><\/p>\n<p style=\"padding-left: 120px;\">\u2013 m\u00eame si je regrette de voir Ladislas \u00eatre d\u00e9sar\u00e7onn\u00e9 si rapidement.<\/p>\n<p style=\"padding-left: 120px; text-align: justify;\"><em><span style=\"color: #800000;\">Difficile d\u2019aller plus loin\u2026 le small talk est si ennuyeux. Il \u00e9touffe le monde, je ne pouvais \u00e9touffer encore plus le lecteur. Je me suis pos\u00e9 la question d\u2019aller au-del\u00e0 (Ladislas se d\u00e9battant, affrontant la b\u00eate, accouchant tout de m\u00eame de son bouquin), mais je me suis dit que la farce avait assez dur\u00e9.<\/span><\/em><\/p>\n<p style=\"padding-left: 120px;\">Je regrette un peu le jeu de mots du titre\u2026 qui fait un rien potache,<\/p>\n<p style=\"padding-left: 120px; text-align: justify;\"><span style=\"color: #800000;\"><em>Ah zut. Jen \u00e9tais vraiment content de mes maudits volatiles ! Bon\u2026 C\u2019\u00e9tait, tu t\u2019en doutes bien, une boucle par rapport au psitaccisme m\u00e9diatique, appuy\u00e9e par l\u2019image de couverture\u2026<\/em><\/span><\/p>\n<p style=\"padding-left: 120px;\">et le r\u00e9sum\u00e9 de dos de couverture, me semble trop bavard\u2026<\/p>\n<p style=\"padding-left: 120px;\"><em><span style=\"color: #800000;\">\u00c7a survend, certes\u2026 Mais on est dans le verbe torrentiel, c\u2019est aussi le sujet \ud83d\ude42<\/span><\/em><\/p>\n<p style=\"padding-left: 120px;\">c&rsquo;est l\u00e0 un avis personnel.<br \/>\nAu niveau stylistique, l&rsquo;ouvrage est tr\u00e8s agr\u00e9able, rythm\u00e9, instructif, richement illustr\u00e9 de citations (t\u00eate de chapitre), de digressions\u2026 Le sujet du &lsquo;small talk&rsquo; est pertinent.<br \/>\nQue dire d&rsquo;autre sinon te remercier de m&rsquo;avoir fait parvenir cet ouvrage que j&rsquo;ai fort appr\u00e9ci\u00e9 !<\/p>\n<p style=\"padding-left: 120px;\"><span style=\"color: #800000;\"><em>Je t\u2019en prie, avec plaisir.<\/em><\/span><\/p>\n<p style=\"padding-left: 120px;\">J&rsquo;esp\u00e8re qu&rsquo;il aura un certain public !<\/p>\n<p style=\"padding-left: 120px;\"><span style=\"color: #800000;\"><em>Je crains qu\u2019il n\u2019en aura aucun ou ce sera nanoscopique. Voire, pour \u00eatre lucide, sans \u00e9diteur papier (voire avec, vue la dur\u00e9e de vie d\u2019un ouvrage en rayon et la d\u00e9gringolade des chiffres de lecture) que ma carri\u00e8re d\u2019\u00e9crivant un peu barr\u00e9 soit \u00e0 jamais derri\u00e8re moi.<\/em><\/span><\/p>\n<p style=\"padding-left: 120px;\">PS : demande \u00e0 ton AI de te proposer des &lsquo;annonces formats m\u00e9dia sociaux&rsquo; (je ne sais pas ce que cela peut donner) \u2013 mais que l&rsquo;on puisse en faire un peu de pub sur les m\u00e9dias-sociaux !<\/p>\n<p style=\"padding-left: 120px;\"><span style=\"color: #800000;\"><em>Je me suis amus\u00e9 il y a quelque temps \u00e0 en g\u00e9n\u00e9rer de la part des m\u00e9dias pour lesquels pige Ladislas : <a href=\"https:\/\/francis-mizio.net\/index.php\/2026\/01\/21\/mon-nouveau-roman-la-presse-specialisee-unanime\/\" target=\"_blank\" rel=\"noopener\">ici<\/a><\/em><\/span><\/p>\n<p style=\"padding-left: 120px;\">\u00c0 bient\u00f4t<br \/>\n&#8212;<br \/>\nGuy L. Brussels<\/p>\n<p style=\"padding-left: 120px;\"><em><span style=\"color: #800000;\">Merci encore de m\u2019avoir lu et pour ton message (d\u2019avoir pris le temps pour tout \u00e7a !. Porte-toi bien.\u00a0 (&#8230;)<\/span><\/em><br \/>\n<em><span style=\"color: #800000;\">\u00c0 bient\u00f4t.<\/span><\/em><br \/>\n<em><span style=\"color: #800000;\">Amicalement,<\/span><\/em><br \/>\n<em><span style=\"color: #800000;\">Francis<br \/>\n<\/span><\/em><\/p>\n<hr \/>\n<p>&nbsp;<\/p>\n<p>&nbsp;<\/p>\n<p>&nbsp;<\/p>\n<p>&nbsp;<\/p>\n","protected":false},"excerpt":{"rendered":"<p>Il se passe que j&rsquo;ai depuis toujours quelques lecteurs fid\u00e8les en Belgique, pays ma\u00eetre en terme d&rsquo;absurde, de non sens, d&rsquo;humour, d&rsquo;auto-d\u00e9rision au travers de multiples formes artistiques (litt\u00e9rature, cin\u00e9ma, peinture, photographie&#8230;) avec des autrices et auteurs, des artistes de tous genre r\u00e9jouissants. Le surr\u00e9alisme n&rsquo;est pas belge pour rien. (Constat que j&rsquo;ai d&rsquo;ailleurs exprim\u00e9<\/p>\n","protected":false},"author":1,"featured_media":6338,"comment_status":"closed","ping_status":"closed","sticky":false,"template":"","format":"standard","meta":{"_acf_changed":false,"footnotes":""},"categories":[2,39,5],"tags":[],"fm_constellation":[141,140],"class_list":["post-21622","post","type-post","status-publish","format-standard","has-post-thumbnail","hentry","category-books","category-mes-bouquins","category-news"],"acf":[],"share_on_mastodon":{"url":"https:\/\/piaille.fr\/@francismizio\/116198398824625513","error":""},"_links":{"self":[{"href":"https:\/\/francis-mizio.net\/index.php\/wp-json\/wp\/v2\/posts\/21622","targetHints":{"allow":["GET"]}}],"collection":[{"href":"https:\/\/francis-mizio.net\/index.php\/wp-json\/wp\/v2\/posts"}],"about":[{"href":"https:\/\/francis-mizio.net\/index.php\/wp-json\/wp\/v2\/types\/post"}],"author":[{"embeddable":true,"href":"https:\/\/francis-mizio.net\/index.php\/wp-json\/wp\/v2\/users\/1"}],"replies":[{"embeddable":true,"href":"https:\/\/francis-mizio.net\/index.php\/wp-json\/wp\/v2\/comments?post=21622"}],"version-history":[{"count":3,"href":"https:\/\/francis-mizio.net\/index.php\/wp-json\/wp\/v2\/posts\/21622\/revisions"}],"predecessor-version":[{"id":21648,"href":"https:\/\/francis-mizio.net\/index.php\/wp-json\/wp\/v2\/posts\/21622\/revisions\/21648"}],"wp:featuredmedia":[{"embeddable":true,"href":"https:\/\/francis-mizio.net\/index.php\/wp-json\/wp\/v2\/media\/6338"}],"wp:attachment":[{"href":"https:\/\/francis-mizio.net\/index.php\/wp-json\/wp\/v2\/media?parent=21622"}],"wp:term":[{"taxonomy":"category","embeddable":true,"href":"https:\/\/francis-mizio.net\/index.php\/wp-json\/wp\/v2\/categories?post=21622"},{"taxonomy":"post_tag","embeddable":true,"href":"https:\/\/francis-mizio.net\/index.php\/wp-json\/wp\/v2\/tags?post=21622"},{"taxonomy":"fm_constellation","embeddable":true,"href":"https:\/\/francis-mizio.net\/index.php\/wp-json\/wp\/v2\/fm_constellation?post=21622"}],"curies":[{"name":"wp","href":"https:\/\/api.w.org\/{rel}","templated":true}]}}