{"id":2459,"date":"2025-01-08T10:33:05","date_gmt":"2025-01-08T09:33:05","guid":{"rendered":"https:\/\/francis-mizio.net\/?p=2459"},"modified":"2025-03-09T09:26:58","modified_gmt":"2025-03-09T08:26:58","slug":"quitter-facebook-ouverture-dun-compte-sur-diaspora","status":"publish","type":"post","link":"https:\/\/francis-mizio.net\/index.php\/2025\/01\/08\/quitter-facebook-ouverture-dun-compte-sur-diaspora\/","title":{"rendered":"Quitter Facebook ? Ouverture d&rsquo;un compte sur Diaspora"},"content":{"rendered":"<p style=\"text-align: justify;\">Facebook, qui \u00e9tait d\u00e9j\u00e0 zombie, plein de bots qui publient des fakes ou des merdes IA et s&rsquo;entre-likent ou s&rsquo;entre-commentent pour faire du trafic, inond\u00e9 de pubs et de trucs sans int\u00e9r\u00eat (dont les utilisateurs eux-m\u00eames sont souvent principalement les auteurs en racontant leur vie \u00e0 tout bout de champ, mais passons), va bient\u00f4t devenir la m\u00eame poubelle que X <a href=\"https:\/\/www.episodiqu.es\/p\/mark-zuckerberg-va-mettre-la-puissance\" target=\"_blank\" rel=\"noopener\">\u00e0 la suite des d\u00e9cisions de Zuckerberg qui chie dans son froc face \u00e0 Trump<\/a> : ralliement \u00e0 MAGA, retour de la politique (c&rsquo;est-\u00e0-dire arriv\u00e9e prochaine en masse de l&rsquo;extr\u00eame droite haineuse), renonciation \u00e0 la mod\u00e9ration&#8230; sans compter leur projet d&rsquo;ajouter des avatars virtuels dirig\u00e9s par des bots AI qui va faire verser ce r\u00e9seau dans l&rsquo;absurdit\u00e9 la plus totale. Bref, du n&rsquo;importe quoi avec gros risque de gerbe.\u00a0 Il va en \u00eatre de m\u00eame pour Instagram et Threads, et on va voir comment va \u00e9voluer WhatsApp&#8230;<br \/>\nJe ne tra\u00eene donc jamais sur Facebook \u2014 j&rsquo;ai mieux \u00e0 faire \u2014 et n&rsquo;y publie avant de m&rsquo;en barrer rapidement que ma propre pub pour mes livres auto-\u00e9dit\u00e9s (seul moyen de toucher encore le restant de mes lectrices et lecteurs qui me suivraient encore) ou diverses annonces, type parutions occasionnelles sur mes sites ou animation d&rsquo;atelier d&rsquo;\u00e9criture. Je suis, paradoxalement, bien davantage sur LinkedIn alors que je trouvais ce r\u00e9seau inutile il y a encore quelques ann\u00e9es. Alors quelles alternatives \u00e0 Facebook ? On va voir s&rsquo;il va y avoir des vagues de d\u00e9part comme de X-Twitter (que j&rsquo;ai l\u00e2ch\u00e9) pour Mastodon et Bluesky. J&rsquo;ai cherch\u00e9 dans le gratuit (l\u00e0 o\u00f9 on a le plus de chances de retrouver du monde) : ce n&rsquo;est pas foufou. J&rsquo;ai ouvert un compte sur <a href=\"https:\/\/diaspora-fr.org\/\" target=\"_blank\" rel=\"noopener\">Diaspora<\/a> pour voir (<span id=\"diaspora_handle\">francismizio@diaspora-fr.org)<\/span>&#8230; Mouai, c&rsquo;est bien&#8230; Mais comment rameuter du monde l\u00e0-dessus ?<br \/>\nIl est \u00e0 parier que les gens (= les vieux ; les jeunes ayant d\u00e9j\u00e0 d\u00e9sert\u00e9 depuis des ann\u00e9es) vont rester le plus longtemps possible sur Facebook. \u00c0 suivre.<\/p>\n<p>R\u00e9capitulatif des endroits o\u00f9 on peut me trouver actuellement (hormis Facebook, Discord) :<br \/>\n\ud83e\udda9\u2028Mastodon : @francismizio@piaille.fr<br \/>\n\ud83e\udda9\u2028Bluesky : @francismizio.bsky.social<br \/>\n\ud83e\udda9\u2028LinkedIn : <a href=\"https:\/\/www.linkedin.com\/in\/francismizio\/\" target=\"_blank\" rel=\"noopener noreferrer\">https:\/\/www.linkedin.com\/in\/francismizio\/<\/a><br \/>\n\ud83e\udda9\u2028Medium : <a href=\"https:\/\/medium.com\/@francismizio_32816\" target=\"_blank\" rel=\"noopener\">https:\/\/medium.com\/@francismizio_32816<\/a><br \/>\n\ud83e\udda9\u2028Diaspora : <span id=\"diaspora_handle\">francismizio@diaspora-fr.org<br \/>\n\ud83e\udda9\u2028Instagram et Threads (encore un peu pour l&rsquo;instant) : @miziofrancis<\/span><\/p>\n<div class=\"ltr markdown-content\">\n<p>&nbsp;<\/p>\n<\/div>\n<p style=\"text-align: justify;\">\n","protected":false},"excerpt":{"rendered":"<p>Facebook, qui \u00e9tait d\u00e9j\u00e0 zombie, plein de bots qui publient des fakes ou des merdes IA et s&rsquo;entre-likent ou s&rsquo;entre-commentent pour faire du trafic, inond\u00e9 de pubs et de trucs sans int\u00e9r\u00eat (dont les utilisateurs eux-m\u00eames sont souvent principalement les auteurs en racontant leur vie \u00e0 tout bout de champ, mais passons), va bient\u00f4t devenir<\/p>\n","protected":false},"author":1,"featured_media":2466,"comment_status":"closed","ping_status":"closed","sticky":false,"template":"","format":"standard","meta":{"_acf_changed":false,"footnotes":""},"categories":[33,5],"tags":[],"fm_constellation":[],"class_list":["post-2459","post","type-post","status-publish","format-standard","has-post-thumbnail","hentry","category-mode-degrade","category-news"],"acf":[],"share_on_mastodon":{"url":"https:\/\/piaille.fr\/@francismizio\/113792043462369435","error":""},"_links":{"self":[{"href":"https:\/\/francis-mizio.net\/index.php\/wp-json\/wp\/v2\/posts\/2459","targetHints":{"allow":["GET"]}}],"collection":[{"href":"https:\/\/francis-mizio.net\/index.php\/wp-json\/wp\/v2\/posts"}],"about":[{"href":"https:\/\/francis-mizio.net\/index.php\/wp-json\/wp\/v2\/types\/post"}],"author":[{"embeddable":true,"href":"https:\/\/francis-mizio.net\/index.php\/wp-json\/wp\/v2\/users\/1"}],"replies":[{"embeddable":true,"href":"https:\/\/francis-mizio.net\/index.php\/wp-json\/wp\/v2\/comments?post=2459"}],"version-history":[{"count":6,"href":"https:\/\/francis-mizio.net\/index.php\/wp-json\/wp\/v2\/posts\/2459\/revisions"}],"predecessor-version":[{"id":2468,"href":"https:\/\/francis-mizio.net\/index.php\/wp-json\/wp\/v2\/posts\/2459\/revisions\/2468"}],"wp:featuredmedia":[{"embeddable":true,"href":"https:\/\/francis-mizio.net\/index.php\/wp-json\/wp\/v2\/media\/2466"}],"wp:attachment":[{"href":"https:\/\/francis-mizio.net\/index.php\/wp-json\/wp\/v2\/media?parent=2459"}],"wp:term":[{"taxonomy":"category","embeddable":true,"href":"https:\/\/francis-mizio.net\/index.php\/wp-json\/wp\/v2\/categories?post=2459"},{"taxonomy":"post_tag","embeddable":true,"href":"https:\/\/francis-mizio.net\/index.php\/wp-json\/wp\/v2\/tags?post=2459"},{"taxonomy":"fm_constellation","embeddable":true,"href":"https:\/\/francis-mizio.net\/index.php\/wp-json\/wp\/v2\/fm_constellation?post=2459"}],"curies":[{"name":"wp","href":"https:\/\/api.w.org\/{rel}","templated":true}]}}