{"id":3441,"date":"2025-03-13T08:00:00","date_gmt":"2025-03-13T07:00:00","guid":{"rendered":"https:\/\/francis-mizio.net\/?p=3441"},"modified":"2025-03-13T08:08:12","modified_gmt":"2025-03-13T07:08:12","slug":"trump-poutine-a-la-source-une-paradoxale-entente-capillaire","status":"publish","type":"post","link":"https:\/\/francis-mizio.net\/index.php\/2025\/03\/13\/trump-poutine-a-la-source-une-paradoxale-entente-capillaire\/","title":{"rendered":"Trump \/ Poutine : \u00e0 la source une paradoxale entente capillaire"},"content":{"rendered":"<div id=\"attachment_3442\" style=\"width: 1290px\" class=\"wp-caption aligncenter\"><img loading=\"lazy\" decoding=\"async\" aria-describedby=\"caption-attachment-3442\" class=\"wp-image-3442 size-full\" src=\"https:\/\/francis-mizio.net\/wp-content\/uploads\/2025\/03\/TRUMP-POUTINE-OUVERTURE.jpg\" alt=\"\" width=\"1280\" height=\"896\" srcset=\"https:\/\/francis-mizio.net\/wp-content\/uploads\/2025\/03\/TRUMP-POUTINE-OUVERTURE.jpg 1280w, https:\/\/francis-mizio.net\/wp-content\/uploads\/2025\/03\/TRUMP-POUTINE-OUVERTURE-300x210.jpg 300w, https:\/\/francis-mizio.net\/wp-content\/uploads\/2025\/03\/TRUMP-POUTINE-OUVERTURE-1024x717.jpg 1024w, https:\/\/francis-mizio.net\/wp-content\/uploads\/2025\/03\/TRUMP-POUTINE-OUVERTURE-768x538.jpg 768w\" sizes=\"auto, (max-width: 1280px) 100vw, 1280px\" \/><p id=\"caption-attachment-3442\" class=\"wp-caption-text\"><em>Chacun observe la coupe de cheveux de l&rsquo;autre : ce n&rsquo;est pas anodin.<\/em><\/p><\/div>\n<p style=\"text-align: justify;\"><em><strong>Comment deux personnes ayant des projets capillaires si diff\u00e9rents peuvent-ils s&rsquo;entendre ?<\/strong> <strong>C&rsquo;est une question qui obs\u00e8de toutes les personnes soucieuses de l&rsquo;avenir du monde. Tentative de r\u00e9ponses&#8230;\u00a0<\/strong><\/em><\/p>\n<div id=\"attachment_3444\" style=\"width: 175px\" class=\"wp-caption alignleft\"><img loading=\"lazy\" decoding=\"async\" aria-describedby=\"caption-attachment-3444\" class=\"wp-image-3444 size-full\" src=\"https:\/\/francis-mizio.net\/wp-content\/uploads\/2025\/03\/volume.jpg\" alt=\"\" width=\"165\" height=\"128\" \/><p id=\"caption-attachment-3444\" class=\"wp-caption-text\"><em>Shampoing de M. Donald Trump (d\u00e9tail)<\/em><\/p><\/div>\n<p style=\"text-align: justify;\">Un rigoureux croisement d&rsquo;informations permet d&rsquo;\u00e9tablir formellement que Donald Trump, pr\u00e9sident des \u00c9tats-Unis, utilise un shampoing volumateur <em>\u00ab\u00a0volume et mati\u00e8re \/ volume et substance\u00a0\u00bb<\/em> (ci-contre) en shampoing gel\u00e9e qui, on en conviendra, semble en effet correspondre \u00e0 ses postures, attitudes et fa\u00e7on de mener les affaires tant politiques que commerciales : s&rsquo;imposer, se d\u00e9ployer, occuper toute la\u00a0 place possible, et se focaliser sur du concret comme l&rsquo;acquisition des ressources naturelles ukrainiennes\u00a0: le rapprochement \u00e9tait discernable, mais h\u00e9las semble avoir \u00e9chapp\u00e9 aux analystes. <em>\u00ab\u00a0Volume et mati\u00e8re \/ volume et substance\u00a0\u00bb<\/em>, c&rsquo;est une vision du monde pragmatique.<br \/>\nDes \u00e9tudes marketing ont par ailleurs d\u00e9montr\u00e9 que c&rsquo;\u00e9tait une gamme pr\u00e9f\u00e9r\u00e9e des vendeurs \u0153uvrant au sein des concessions automobiles.<\/p>\n<div id=\"attachment_3445\" style=\"width: 175px\" class=\"wp-caption alignleft\"><img loading=\"lazy\" decoding=\"async\" aria-describedby=\"caption-attachment-3445\" class=\"wp-image-3445\" src=\"https:\/\/francis-mizio.net\/wp-content\/uploads\/2025\/03\/forceEclat.jpg\" alt=\"\" width=\"165\" height=\"79\" srcset=\"https:\/\/francis-mizio.net\/wp-content\/uploads\/2025\/03\/forceEclat.jpg 475w, https:\/\/francis-mizio.net\/wp-content\/uploads\/2025\/03\/forceEclat-300x144.jpg 300w\" sizes=\"auto, (max-width: 165px) 100vw, 165px\" \/><p id=\"caption-attachment-3445\" class=\"wp-caption-text\"><em>Shampoing de M. Vladimir Poutine (d\u00e9tail)<\/em><\/p><\/div>\n<p style=\"text-align: justify;\">Concernant le pr\u00e9sident Poutine, pr\u00e9sident de la Russie, des sources bien inform\u00e9es pr\u00e9tendent qu&rsquo;il utilise lui aussi (et contre toute attente d&rsquo;apr\u00e8s une sp\u00e9cialiste <em>morning routine<\/em> de la CIA) un shampoing gel ; formule pourtant tr\u00e8s connot\u00e9e \u00ab\u00a0occidentale\u00a0\u00bb et par l\u00e0 dans l&rsquo;imaginaire poutinien, d\u00e9cadente ! Mais pour celui qui n&rsquo;est pas \u00e0 une contradiction pr\u00e8s, son choix se serait port\u00e9 sur un\u00a0 <em>\u00ab\u00a0Force et \u00e9clat\u00a0\u00bb<\/em> \u00e0 la pomme et \u00e0 l&rsquo;olivier bio (ci-contre). Si certains pr\u00e9tendent que <a href=\"https:\/\/www.discoverthegreentech.com\/agriculture\/productions-agricoles\/ukraine\/#toc-6\" target=\"_blank\" rel=\"noopener\">la production de pommes en Ukraine<\/a> ne serait pas pour rien dans l&rsquo;invasion du pays par la Russie par crainte de p\u00e9nurie d&rsquo;ingr\u00e9dients (<a href=\"https:\/\/atlasbig.fr\/pays-par-production-dolives\" target=\"_blank\" rel=\"noopener\">une inqui\u00e9tude future pour l&rsquo;Espagne, plus grand producteur d&rsquo;olives au monde ?<\/a>), il est toutefois fort probable que les arguments de son shampoing sont pour lui tant performatifs qu&rsquo;auto-r\u00e9alisateurs. Le slogan du flacon renvoie quoiqu&rsquo;il en soit\u00a0 ind\u00e9niablement au souvenir imp\u00e9rial de la Grande Russie de jadis, ou plus r\u00e9cemment, de l&#8217;empire sovi\u00e9tique \u00e0 son apog\u00e9e.<\/p>\n<p style=\"text-align: justify;\">Certaines influenceuses cosm\u00e9tiques \/ analystes politique sur Youtube n&rsquo;h\u00e9sitent pas \u00e0 pronostiquer une incompatibilit\u00e9 pour l&rsquo;avenir, et sans doute \u00e0 terme la fin de l&rsquo;entente qui semble pour l&rsquo;instant pr\u00e9valoir entre ces deux m\u00e9trosexuels au grand ahurissement du reste du monde ; lequel est quant \u00e0 lui plut\u00f4t utilisateur de shampoing aux ambitions \u00ab\u00a0raisonnables\u00a0\u00bb, soit davantage sociales d\u00e9mocrates et consensuelles (<em>\u00ab\u00a0doux\u00a0\u00bb, \u00ab\u00a0clarifiant\u00a0\u00bb, \u00ab\u00a0reconstructeur\u00a0\u00bb, \u00ab\u00a0\u00e9claircissant\u00a0\u00bb, \u00ab\u00a0nourrissant\u00a0\u00bb<\/em>, etc.)\u00a0 :<em> \u00ab\u00a0un traitement capillaire aussi diff\u00e9rent entre Trump et Poutine, sans parler de l&rsquo;approche que chacun a sur sa coupe de cheveux elle-m\u00eame selon son implantation naturelle, finira par cr\u00e9er des dissensions, car au-del\u00e0, ce sont tout de m\u00eame deux visions du monde qui se confrontent : le consum\u00e9riste accumulateur d&rsquo;une part chez Trump, face \u00e0 l&rsquo;agressif symbolique chez Poutine. Il suffirait d&rsquo;ailleurs de changer les termes sur chacun de leur \u00e9tiquette de flacon pour que cela devienne d&rsquo;une aveuglante \u00e9vidence\u00a0\u00bb<\/em>, r\u00e9sume ainsi @Sheena_bizouxxx.<\/p>\n<p>Et vous, comment votre shampoing influence-t-il vos relations avec vos <em>crushs<\/em> et vos coll\u00e8gues de travail ?<\/p>\n<p><em>(Par souci de d\u00e9ontologie journalistique les marques de shampoing ont \u00e9t\u00e9 occult\u00e9es).<br \/>\n<\/em><\/p>\n<hr \/>\n<p style=\"text-align: justify;\"><em>Pour info en passant : un chapitre entier traitant de l&rsquo;anthropologie du point de vue de l&rsquo;usage des flacons de shampoing est un des sujets parmi des centaines diff\u00e9rents au sein de mon roman-pav\u00e9 \u00ab\u00a0Au lourd d\u00e9lire des lianes\u00a0\u00bb dont il me reste quelques exemplaires (sold\u00e9s) &gt; <a href=\"https:\/\/tribu-macroqa.francis-mizio.net\/tribu-macroqa\/acheter-le-roman\/\" target=\"_blank\" rel=\"noopener\">c&rsquo;est l\u00e0.<\/a><\/em><\/p>\n","protected":false},"excerpt":{"rendered":"<p>Comment deux personnes ayant des projets capillaires si diff\u00e9rents peuvent-ils s&rsquo;entendre ? C&rsquo;est une question qui obs\u00e8de toutes les personnes soucieuses de l&rsquo;avenir du monde. Tentative de r\u00e9ponses&#8230;\u00a0 Un rigoureux croisement d&rsquo;informations permet d&rsquo;\u00e9tablir formellement que Donald Trump, pr\u00e9sident des \u00c9tats-Unis, utilise un shampoing volumateur \u00ab\u00a0volume et mati\u00e8re \/ volume et substance\u00a0\u00bb (ci-contre) en shampoing<\/p>\n","protected":false},"author":1,"featured_media":3443,"comment_status":"closed","ping_status":"closed","sticky":false,"template":"","format":"standard","meta":{"_acf_changed":false,"footnotes":""},"categories":[33,5],"tags":[],"fm_constellation":[],"class_list":["post-3441","post","type-post","status-publish","format-standard","has-post-thumbnail","hentry","category-mode-degrade","category-news"],"acf":[],"share_on_mastodon":{"url":"https:\/\/piaille.fr\/@francismizio\/114153831143398732","error":""},"_links":{"self":[{"href":"https:\/\/francis-mizio.net\/index.php\/wp-json\/wp\/v2\/posts\/3441","targetHints":{"allow":["GET"]}}],"collection":[{"href":"https:\/\/francis-mizio.net\/index.php\/wp-json\/wp\/v2\/posts"}],"about":[{"href":"https:\/\/francis-mizio.net\/index.php\/wp-json\/wp\/v2\/types\/post"}],"author":[{"embeddable":true,"href":"https:\/\/francis-mizio.net\/index.php\/wp-json\/wp\/v2\/users\/1"}],"replies":[{"embeddable":true,"href":"https:\/\/francis-mizio.net\/index.php\/wp-json\/wp\/v2\/comments?post=3441"}],"version-history":[{"count":8,"href":"https:\/\/francis-mizio.net\/index.php\/wp-json\/wp\/v2\/posts\/3441\/revisions"}],"predecessor-version":[{"id":3453,"href":"https:\/\/francis-mizio.net\/index.php\/wp-json\/wp\/v2\/posts\/3441\/revisions\/3453"}],"wp:featuredmedia":[{"embeddable":true,"href":"https:\/\/francis-mizio.net\/index.php\/wp-json\/wp\/v2\/media\/3443"}],"wp:attachment":[{"href":"https:\/\/francis-mizio.net\/index.php\/wp-json\/wp\/v2\/media?parent=3441"}],"wp:term":[{"taxonomy":"category","embeddable":true,"href":"https:\/\/francis-mizio.net\/index.php\/wp-json\/wp\/v2\/categories?post=3441"},{"taxonomy":"post_tag","embeddable":true,"href":"https:\/\/francis-mizio.net\/index.php\/wp-json\/wp\/v2\/tags?post=3441"},{"taxonomy":"fm_constellation","embeddable":true,"href":"https:\/\/francis-mizio.net\/index.php\/wp-json\/wp\/v2\/fm_constellation?post=3441"}],"curies":[{"name":"wp","href":"https:\/\/api.w.org\/{rel}","templated":true}]}}