{"id":3744,"date":"2025-03-26T10:08:49","date_gmt":"2025-03-26T09:08:49","guid":{"rendered":"https:\/\/francis-mizio.net\/?p=3744"},"modified":"2025-03-26T10:12:24","modified_gmt":"2025-03-26T09:12:24","slug":"couchez-vous-dans-lherbe-et-petitionnez-poetiquement-pour-la-journee-internationale-des-nuages-du-29-mars","status":"publish","type":"post","link":"https:\/\/francis-mizio.net\/index.php\/2025\/03\/26\/couchez-vous-dans-lherbe-et-petitionnez-poetiquement-pour-la-journee-internationale-des-nuages-du-29-mars\/","title":{"rendered":"Couchez-vous dans l&rsquo;herbe et p\u00e9titionnez (po\u00e9tiquement) pour la Journ\u00e9e Internationale des nuages du 29 mars"},"content":{"rendered":"<p style=\"text-align: justify;\"><img loading=\"lazy\" decoding=\"async\" class=\"aligncenter size-full wp-image-3745\" src=\"https:\/\/francis-mizio.net\/wp-content\/uploads\/2025\/03\/journeenuages.png\" alt=\"\" width=\"640\" height=\"400\" srcset=\"https:\/\/francis-mizio.net\/wp-content\/uploads\/2025\/03\/journeenuages.png 640w, https:\/\/francis-mizio.net\/wp-content\/uploads\/2025\/03\/journeenuages-300x188.png 300w\" sizes=\"auto, (max-width: 640px) 100vw, 640px\" \/><br \/>\nIniti\u00e9e depuis 2022 par Mathieu Simonet, ancien avocat et d\u00e9sormais \u00e9crivain, la journ\u00e9e internationale des nuages s\u2019inscrit dans une d\u00e9marche po\u00e9tico-politique dans l\u2019objectif de <strong>donner un statut juridique aux nuages et de proposer leur entr\u00e9e dans le patrimoine mondial de l&rsquo;Unesco. Une cinquantaine de pays manipulent les nuages pour les faire pleuvoir plus rapidement. Or, cette technique appel\u00e9e \u00ab\u00a0ensemencement des nuages\u00a0\u00bb n\u2019est pas r\u00e9glement\u00e9e, ce qui soul\u00e8ve de nombreuses questions g\u00e9opolitique, sanitaire et environnemental.<\/strong> Quel rapport avons-nous avec notre environnement ? A qui appartiennent les nuages ? Les produits envoy\u00e9s dans le ciel sont-ils dangereux ? Quelle influence les nuages ont-ils sur le changement climatique ? Comment sont-ils devenus les t\u00e9moins et les acteurs malgr\u00e9 eux du changement climatique ? Les nuages sont-ils consid\u00e9r\u00e9s comme du patrimoine mat\u00e9riel ou immat\u00e9riel ?<\/p>\n<p><span style=\"color: #800080;\"><strong>P\u00e9tition po\u00e9tique<\/strong><\/span><br \/>\n<strong>Pour participer le 29 mars (ou la veille, le vendredi 28 mars), n&rsquo;importe o\u00f9 dans le monde, il suffit :<\/strong><br \/>\n<strong>1. de s&rsquo;allonger sur l&rsquo;herbe (ou ailleurs),<\/strong><br \/>\n<strong>2. d&rsquo;observer les nuages pendant une \u00e0 cinq minutes (\u00e0 adapter selon l&rsquo;\u00e2ge des participants),<\/strong><br \/>\n<strong>3. d&rsquo;\u00e9crire ce que vous avez vu ou ce que vous avez ressenti (utilisez de pr\u00e9f\u00e9rence un papier cartonn\u00e9 blanc de 10 x 15 cm),<\/strong><br \/>\n<strong>4. d&rsquo;envoyer cet \u00e9crit par la poste \u00e0 \u00ab\u00a0l&rsquo;Observatoire international des nuages\u00a0\u00bb pour que votre participation soit comptabilis\u00e9e.<\/strong><\/p>\n<p style=\"text-align: justify;\"><strong>Observatoire international des nuages<\/strong><br \/>\n<strong>Sorbonne Universit\u00e9<\/strong><br \/>\n<strong>Tour Zamansky<\/strong><br \/>\n<strong>Bo\u00eete aux lettres 603<\/strong><br \/>\n<strong>4, place Jussieu<\/strong><br \/>\n<strong>75005 Paris<\/strong><\/p>\n<p style=\"text-align: justify;\"><strong>Tous ces \u00e9crits constituent une \u00ab\u00a0p\u00e9tition po\u00e9tique\u00a0\u00bb pour r\u00e9fl\u00e9chir de mani\u00e8re collective \u00e0 un droit des nuages.<\/strong><\/p>\n<p><a href=\"https:\/\/www.sorbonne-universite.fr\/evenements\/journee-internationale-des-nuages\" target=\"_blank\" rel=\"noopener\">&gt; Pour tout savoir (lieux o\u00f9 s&rsquo;allonger dans l&rsquo;herbe, mais pas seulement, manifestations, etc.), RDV sur le site de Sorbonne Universit\u00e9 qui est partenaire<\/a>.<\/p>\n","protected":false},"excerpt":{"rendered":"<p>Initi\u00e9e depuis 2022 par Mathieu Simonet, ancien avocat et d\u00e9sormais \u00e9crivain, la journ\u00e9e internationale des nuages s\u2019inscrit dans une d\u00e9marche po\u00e9tico-politique dans l\u2019objectif de donner un statut juridique aux nuages et de proposer leur entr\u00e9e dans le patrimoine mondial de l&rsquo;Unesco. Une cinquantaine de pays manipulent les nuages pour les faire pleuvoir plus rapidement. Or,<\/p>\n","protected":false},"author":1,"featured_media":3748,"comment_status":"closed","ping_status":"closed","sticky":false,"template":"","format":"standard","meta":{"_acf_changed":false,"footnotes":""},"categories":[5],"tags":[],"fm_constellation":[],"class_list":["post-3744","post","type-post","status-publish","format-standard","has-post-thumbnail","hentry","category-news"],"acf":[],"share_on_mastodon":{"url":"https:\/\/piaille.fr\/@francismizio\/114212677338081549","error":""},"_links":{"self":[{"href":"https:\/\/francis-mizio.net\/index.php\/wp-json\/wp\/v2\/posts\/3744","targetHints":{"allow":["GET"]}}],"collection":[{"href":"https:\/\/francis-mizio.net\/index.php\/wp-json\/wp\/v2\/posts"}],"about":[{"href":"https:\/\/francis-mizio.net\/index.php\/wp-json\/wp\/v2\/types\/post"}],"author":[{"embeddable":true,"href":"https:\/\/francis-mizio.net\/index.php\/wp-json\/wp\/v2\/users\/1"}],"replies":[{"embeddable":true,"href":"https:\/\/francis-mizio.net\/index.php\/wp-json\/wp\/v2\/comments?post=3744"}],"version-history":[{"count":3,"href":"https:\/\/francis-mizio.net\/index.php\/wp-json\/wp\/v2\/posts\/3744\/revisions"}],"predecessor-version":[{"id":3749,"href":"https:\/\/francis-mizio.net\/index.php\/wp-json\/wp\/v2\/posts\/3744\/revisions\/3749"}],"wp:featuredmedia":[{"embeddable":true,"href":"https:\/\/francis-mizio.net\/index.php\/wp-json\/wp\/v2\/media\/3748"}],"wp:attachment":[{"href":"https:\/\/francis-mizio.net\/index.php\/wp-json\/wp\/v2\/media?parent=3744"}],"wp:term":[{"taxonomy":"category","embeddable":true,"href":"https:\/\/francis-mizio.net\/index.php\/wp-json\/wp\/v2\/categories?post=3744"},{"taxonomy":"post_tag","embeddable":true,"href":"https:\/\/francis-mizio.net\/index.php\/wp-json\/wp\/v2\/tags?post=3744"},{"taxonomy":"fm_constellation","embeddable":true,"href":"https:\/\/francis-mizio.net\/index.php\/wp-json\/wp\/v2\/fm_constellation?post=3744"}],"curies":[{"name":"wp","href":"https:\/\/api.w.org\/{rel}","templated":true}]}}