{"id":3798,"date":"2025-03-26T10:00:42","date_gmt":"2025-03-26T09:00:42","guid":{"rendered":"https:\/\/francis-mizio.net\/?p=3798"},"modified":"2026-04-11T10:31:51","modified_gmt":"2026-04-11T08:31:51","slug":"dernier-crepuscules","status":"publish","type":"post","link":"https:\/\/francis-mizio.net\/index.php\/2025\/03\/26\/dernier-crepuscules\/","title":{"rendered":"Quand viendra le dernier cr\u00e9puscule"},"content":{"rendered":"<p style=\"text-align: justify;\">Le mot <em>cr\u00e9puscule<\/em> ne lui avait jamais \u00e9voqu\u00e9 que des allusions \u00e0 des textes litt\u00e9raires, \u00e0 des r\u00e9miniscences de po\u00e8mes parnassiens ennuyants \u00e2nonn\u00e9s \u00e0 l&rsquo;\u00e9cole, \u00e0 des romans compass\u00e9s t\u00f4t l\u00e2ch\u00e9s pour des r\u00e9cits plus alertes, plus lumineux, plus \u00e9lectriques. Aucun <em>cr\u00e9puscule<\/em>, jusque-l\u00e0, ne l&rsquo;avait jamais touch\u00e9. C&rsquo;\u00e9tait presque une notion vague, abstraite ; c&rsquo;\u00e9tait un mot qui parlait peut-\u00eatre aux autres, mais \u00e0 lui, aucunement, et il ne se souvenait de l&rsquo;avoir employ\u00e9 m\u00eame qu&rsquo;une fois. Certes, il avait toujours appr\u00e9ci\u00e9 le coucher de soleil, certes, comme tout le monde, certes, mais, non, pas le <em>cr\u00e9puscule<\/em>, non&#8230; Mieux : cette notion de <em>cr\u00e9puscule<\/em> lui avait \u00e9t\u00e9, somme toute, indiff\u00e9rente durant son existence. En revanche, il avait \u00e9t\u00e9 davantage sensible sa vie durant \u00e0 des mots tels que <em>horizon, rivage, aube, or\u00e9e, aurore<\/em>&#8230; Des termes qui l&rsquo;avaient, eux, port\u00e9, motiv\u00e9.<br \/>\nEt puis, un matin \u2014 l&rsquo;avait-il entendu la veille, ce terme de <em>cr\u00e9puscule,<\/em> \u00e0 la radio ou \u00e0 la t\u00e9l\u00e9vision, l&rsquo;avait-il vu \u00e9crit dans un article de presse ? \u2014 il s&rsquo;\u00e9veilla avec <em>cr\u00e9puscule<\/em> en t\u00eate et toute la journ\u00e9e inexplicablement, <em>cr\u00e9puscule<\/em> l&rsquo;obs\u00e9da. Il consulta la d\u00e9finition sur plusieurs dictionnaires. Il chercha des expression sur le web. Il trouva des citations : <em>cr\u00e9puscule de l&rsquo;esprit<\/em>, des<em> cr\u00e9puscules de l&rsquo;\u00e2me,<\/em> de <em>doux<\/em>, de <em>beaux<\/em>, de <em>bl\u00eames<\/em>, d&rsquo;<em>admirables, <\/em>de<em> charmants<\/em> <em>cr\u00e9puscules<\/em>, des vers de Lamartine <em>\u2014 Le cr\u00e9puscule encor jette un dernier rayon \/ Et le char vaporeux de la reine des ombres \/ Monte, et blanchit d\u00e9j\u00e0 les bords de l&rsquo;horizon \u2014<\/em> , un \u00e9crivain qui avait os\u00e9 une <em>h\u00e9sitation du cr\u00e9puscule<\/em>. Il apprit m\u00eame que le monde dans sa fureur et sa folie, parvenait peut-\u00eatre \u00e0 son <em>cr\u00e9puscule<\/em>&#8230;<br \/>\n\u00c0 force de se r\u00e9p\u00e9ter mentalement <em>cr\u00e9puscule<\/em>, il en perdit le sens et devant le mot \u00e9prouva un sentiment d\u2019\u00e9tranget\u00e9, de jamais-vu. <em>Cr\u00e9puscule<\/em> semblait irr\u00e9el ou nouveau.<br \/>\nIl en fut troubl\u00e9 toute la journ\u00e9e. Ce ne fut que le soir qu&rsquo;il songea \u00e0 l&rsquo;expression pourtant la plus \u00e9vidente : le c<em>r\u00e9puscule de la vie \u2014 <\/em>et comme il \u00e9tait maintenant tr\u00e8s \u00e2g\u00e9, il fut soudain saisi d&rsquo;angoisse en voyant la lumi\u00e8re baisser.<\/p>\n<p><img loading=\"lazy\" decoding=\"async\" class=\"aligncenter size-full wp-image-3799\" src=\"https:\/\/francis-mizio.net\/wp-content\/uploads\/2025\/03\/IMG_0034.png\" alt=\"\" width=\"3024\" height=\"4032\" srcset=\"https:\/\/francis-mizio.net\/wp-content\/uploads\/2025\/03\/IMG_0034.png 3024w, https:\/\/francis-mizio.net\/wp-content\/uploads\/2025\/03\/IMG_0034-225x300.png 225w, https:\/\/francis-mizio.net\/wp-content\/uploads\/2025\/03\/IMG_0034-768x1024.png 768w, https:\/\/francis-mizio.net\/wp-content\/uploads\/2025\/03\/IMG_0034-1152x1536.png 1152w, https:\/\/francis-mizio.net\/wp-content\/uploads\/2025\/03\/IMG_0034-1536x2048.png 1536w\" sizes=\"auto, (max-width: 3024px) 100vw, 3024px\" \/><\/p>\n<p>(Vallet, 44 &#8211; 17 mars 2025)<\/p>\n","protected":false},"excerpt":{"rendered":"<p>Le mot cr\u00e9puscule ne lui avait jamais \u00e9voqu\u00e9 que des allusions \u00e0 des textes litt\u00e9raires, \u00e0 des r\u00e9miniscences de po\u00e8mes parnassiens ennuyants \u00e2nonn\u00e9s \u00e0 l&rsquo;\u00e9cole, \u00e0 des romans compass\u00e9s t\u00f4t l\u00e2ch\u00e9s pour des r\u00e9cits plus alertes, plus lumineux, plus \u00e9lectriques. Aucun cr\u00e9puscule, jusque-l\u00e0, ne l&rsquo;avait jamais touch\u00e9. C&rsquo;\u00e9tait presque une notion vague, abstraite ; c&rsquo;\u00e9tait<\/p>\n","protected":false},"author":1,"featured_media":3799,"comment_status":"closed","ping_status":"closed","sticky":false,"template":"","format":"standard","meta":{"_acf_changed":false,"footnotes":""},"categories":[17,5],"tags":[],"fm_constellation":[141,136,140],"class_list":["post-3798","post","type-post","status-publish","format-standard","has-post-thumbnail","hentry","category-mini-shorts","category-news"],"acf":[],"share_on_mastodon":{"url":"https:\/\/piaille.fr\/@francismizio\/114227919977671634","error":""},"_links":{"self":[{"href":"https:\/\/francis-mizio.net\/index.php\/wp-json\/wp\/v2\/posts\/3798","targetHints":{"allow":["GET"]}}],"collection":[{"href":"https:\/\/francis-mizio.net\/index.php\/wp-json\/wp\/v2\/posts"}],"about":[{"href":"https:\/\/francis-mizio.net\/index.php\/wp-json\/wp\/v2\/types\/post"}],"author":[{"embeddable":true,"href":"https:\/\/francis-mizio.net\/index.php\/wp-json\/wp\/v2\/users\/1"}],"replies":[{"embeddable":true,"href":"https:\/\/francis-mizio.net\/index.php\/wp-json\/wp\/v2\/comments?post=3798"}],"version-history":[{"count":5,"href":"https:\/\/francis-mizio.net\/index.php\/wp-json\/wp\/v2\/posts\/3798\/revisions"}],"predecessor-version":[{"id":3804,"href":"https:\/\/francis-mizio.net\/index.php\/wp-json\/wp\/v2\/posts\/3798\/revisions\/3804"}],"wp:featuredmedia":[{"embeddable":true,"href":"https:\/\/francis-mizio.net\/index.php\/wp-json\/wp\/v2\/media\/3799"}],"wp:attachment":[{"href":"https:\/\/francis-mizio.net\/index.php\/wp-json\/wp\/v2\/media?parent=3798"}],"wp:term":[{"taxonomy":"category","embeddable":true,"href":"https:\/\/francis-mizio.net\/index.php\/wp-json\/wp\/v2\/categories?post=3798"},{"taxonomy":"post_tag","embeddable":true,"href":"https:\/\/francis-mizio.net\/index.php\/wp-json\/wp\/v2\/tags?post=3798"},{"taxonomy":"fm_constellation","embeddable":true,"href":"https:\/\/francis-mizio.net\/index.php\/wp-json\/wp\/v2\/fm_constellation?post=3798"}],"curies":[{"name":"wp","href":"https:\/\/api.w.org\/{rel}","templated":true}]}}