{"id":4269,"date":"2025-04-15T14:55:28","date_gmt":"2025-04-15T12:55:28","guid":{"rendered":"https:\/\/francis-mizio.net\/?p=4269"},"modified":"2025-04-15T14:55:28","modified_gmt":"2025-04-15T12:55:28","slug":"la-revue-lencrier-renverse-recense-et-questionne-les-nouvellistes-en-etes-vous","status":"publish","type":"post","link":"https:\/\/francis-mizio.net\/index.php\/2025\/04\/15\/la-revue-lencrier-renverse-recense-et-questionne-les-nouvellistes-en-etes-vous\/","title":{"rendered":"La revue \u00ab\u00a0L&rsquo;Encrier Renvers\u00e9\u00a0\u00bb recense et questionne les nouvellistes : en \u00eates-vous ?"},"content":{"rendered":"<p style=\"text-align: justify;\">La tr\u00e8s ancienne revue <a href=\"https:\/\/encrierrenverse.fr\/index.php\" target=\"_blank\" rel=\"noopener\">\u00ab\u00a0<strong><em>L&rsquo;Encrier Renvers\u00e9\u00a0\u00bb<\/em><\/strong><\/a> pilier de la nouvelle francophone depuis 1988 (et qui a mis \u00e0 bien des autrices et auteurs aujourd&rsquo;hui reconnus le pied \u00e0 l&rsquo;\u00e9trier parmi les 750 diff\u00e9rents qu&rsquo;elle a publi\u00e9s) recense les nouvellistes francophones, les interroge sur leurs pratique d&rsquo;\u00e9criture, auteurs de nouvelles et recueils favoris, rapport \u00e0 la nouvelle, etc&#8230; puis empile les r\u00e9ponses.<br \/>\nDeux compilations ont d\u00e9j\u00e0 paru (je suis dans la 2e qui vient d&rsquo;\u00eatre mise en ligne). Un travail singulier, un peu compliqu\u00e9 \u00e0 compulser, mais il est int\u00e9ressant ou amusant d&rsquo;y d\u00e9couvrir certaines contributions, comme d&rsquo;y retrouver des noms jadis crois\u00e9s ou des \u00e9crivaines et \u00e9crivains d\u00e9sormais \u00e9tablis&#8230;<br \/>\n(Sinon la revue elle-m\u00eame et son concours, fameux, sont toujours fort recommandables&#8230;)<br \/>\n<a href=\"https:\/\/encrierrenverse.fr\/de-la-nouvelle\/et-pour-vous-la-nouvelle\" target=\"_blank\" rel=\"noopener\">&gt; C&rsquo;est ici<\/a>.<\/p>\n","protected":false},"excerpt":{"rendered":"<p>La tr\u00e8s ancienne revue \u00ab\u00a0L&rsquo;Encrier Renvers\u00e9\u00a0\u00bb pilier de la nouvelle francophone depuis 1988 (et qui a mis \u00e0 bien des autrices et auteurs aujourd&rsquo;hui reconnus le pied \u00e0 l&rsquo;\u00e9trier parmi les 750 diff\u00e9rents qu&rsquo;elle a publi\u00e9s) recense les nouvellistes francophones, les interroge sur leurs pratique d&rsquo;\u00e9criture, auteurs de nouvelles et recueils favoris, rapport \u00e0 la<\/p>\n","protected":false},"author":1,"featured_media":4270,"comment_status":"closed","ping_status":"closed","sticky":false,"template":"","format":"standard","meta":{"_acf_changed":false,"footnotes":""},"categories":[18,25,5],"tags":[],"fm_constellation":[],"class_list":["post-4269","post","type-post","status-publish","format-standard","has-post-thumbnail","hentry","category-reco","category-recos-textes","category-news"],"acf":[],"share_on_mastodon":{"url":"","error":""},"_links":{"self":[{"href":"https:\/\/francis-mizio.net\/index.php\/wp-json\/wp\/v2\/posts\/4269","targetHints":{"allow":["GET"]}}],"collection":[{"href":"https:\/\/francis-mizio.net\/index.php\/wp-json\/wp\/v2\/posts"}],"about":[{"href":"https:\/\/francis-mizio.net\/index.php\/wp-json\/wp\/v2\/types\/post"}],"author":[{"embeddable":true,"href":"https:\/\/francis-mizio.net\/index.php\/wp-json\/wp\/v2\/users\/1"}],"replies":[{"embeddable":true,"href":"https:\/\/francis-mizio.net\/index.php\/wp-json\/wp\/v2\/comments?post=4269"}],"version-history":[{"count":1,"href":"https:\/\/francis-mizio.net\/index.php\/wp-json\/wp\/v2\/posts\/4269\/revisions"}],"predecessor-version":[{"id":4271,"href":"https:\/\/francis-mizio.net\/index.php\/wp-json\/wp\/v2\/posts\/4269\/revisions\/4271"}],"wp:featuredmedia":[{"embeddable":true,"href":"https:\/\/francis-mizio.net\/index.php\/wp-json\/wp\/v2\/media\/4270"}],"wp:attachment":[{"href":"https:\/\/francis-mizio.net\/index.php\/wp-json\/wp\/v2\/media?parent=4269"}],"wp:term":[{"taxonomy":"category","embeddable":true,"href":"https:\/\/francis-mizio.net\/index.php\/wp-json\/wp\/v2\/categories?post=4269"},{"taxonomy":"post_tag","embeddable":true,"href":"https:\/\/francis-mizio.net\/index.php\/wp-json\/wp\/v2\/tags?post=4269"},{"taxonomy":"fm_constellation","embeddable":true,"href":"https:\/\/francis-mizio.net\/index.php\/wp-json\/wp\/v2\/fm_constellation?post=4269"}],"curies":[{"name":"wp","href":"https:\/\/api.w.org\/{rel}","templated":true}]}}