{"id":5021,"date":"2025-06-14T23:10:44","date_gmt":"2025-06-14T21:10:44","guid":{"rendered":"https:\/\/francis-mizio.net\/?p=5021"},"modified":"2026-04-11T10:07:55","modified_gmt":"2026-04-11T08:07:55","slug":"ou-etais-je-le-14-juin-2005-devant-archie-shepp-et-jalal-des-last-poets","status":"publish","type":"post","link":"https:\/\/francis-mizio.net\/index.php\/2025\/06\/14\/ou-etais-je-le-14-juin-2005-devant-archie-shepp-et-jalal-des-last-poets\/","title":{"rendered":"[O\u00f9 \u00e9tais-je le&#8230; ?] 14 juin 2005, devant Archie Shepp et Jalal des Last Poets"},"content":{"rendered":"<p style=\"text-align: justify;\"><em><span style=\"color: #800000;\">[Explications de ce projet m\u00e9moriel et nettoyeur num\u00e9rique en bas]<\/span><\/em><\/p>\n<p style=\"text-align: justify;\"><strong>Le 16 juin 2005 \u00e0 23h10, il y a 20 ans, j&rsquo;\u00e9tais \u00e0 <a href=\"https:\/\/www.labellevilloise.com\/\" target=\"_blank\" rel=\"noopener\">La Bellevilloise<\/a> devant <a href=\"https:\/\/fr.wikipedia.org\/wiki\/Archie_Shepp\" target=\"_blank\" rel=\"noopener\">Archie Shepp<\/a> et <\/strong><a href=\"https:\/\/en.wikipedia.org\/wiki\/Jalal_Mansur_Nuriddin\" target=\"_blank\" rel=\"noopener\"><span class=\"mw-page-title-main\"><strong>Jalal Mansur Nuriddin<\/strong> <\/span><\/a><strong>des <a href=\"https:\/\/fr.wikipedia.org\/wiki\/The_Last_Poets\" target=\"_blank\" rel=\"noopener\">Last Poets<\/a> <\/strong>(voir ma vid\u00e9o ci-contre, qualit\u00e9 num\u00e9rique d&rsquo;\u00e9poque, de 7 miN. 43 : <a href=\"https:\/\/francis-mizio.net\/wp-content\/uploads\/2025\/06\/slam14062005-23h18.mpg\">slam14062005-23h18<\/a>). Le <em>slam<\/em> et le <em>spoken word<\/em> sont alors tout juste en train d&rsquo;arriver en France. C&rsquo;est un des premiers festivals (qui m\u00eale encore rap, slam et spoken word), sinon le premier pr\u00e9sent\u00e9 comme tel. Archie Shepp jouait \u00e0 cette \u00e9poque dans une salle diff\u00e9rente chaque soir (une amie s&rsquo;est m\u00eame retrouv\u00e9e assise dans un RER de banlieue devant l&rsquo;homme au chapeau et au saxo, simple et infatigable, qui sillonnait la r\u00e9gion parisienne).<br \/>\nCe 16 juin 2005, les prestations des artistes fran\u00e7ais aussi furent remarquables (mais j&rsquo;ai oubli\u00e9 leurs noms. Il faudrait que je fouille dans mes vieux CD). Dans la foul\u00e9e, ma compagne d&rsquo;alors, \u00e9crivain comme moi,\u00a0 avons essay\u00e9 de monter des soir\u00e9es slam dans un bar pr\u00e8s de mon appartement sis \u00e0 deux pas du quartier branch\u00e9 Oberkampf. Je m&rsquo;y essaierai donc aussi, mais comme ce fut la premi\u00e8re fois avec un brio tr\u00e8s relatif&#8230; je ne m&rsquo;y suis jamais remis.<\/p>\n<p style=\"text-align: justify;\">[PS \/ N&rsquo;\u00e9tant toutefois plus compl\u00e8tement certain du nom de la salle, j&rsquo;ai demand\u00e9 \u00e0 Perplexity o\u00f9 s&rsquo;\u00e9tait d\u00e9roul\u00e9 cette \u00e9v\u00e9nement, car je ne retrouve\u00a0 pas sur Google (qui perd la m\u00e9moire) :<br \/>\n<em>Ta question convoque une m\u00e9moire vive du slam parisien, celle o\u00f9 Archie Shepp, figure tut\u00e9laire du jazz, et Jalal Mansur Nuriddin, voix proph\u00e9tique des Last Poets, ont fait vibrer la sc\u00e8ne d\u2019un des premiers festivals de slam et de spoken word \u00e0 Paris, le 14 juin 2005. H\u00e9las, les r\u00e9sultats de recherche ne fournissent pas directement le nom de la salle o\u00f9 s\u2019est tenue cette performance historique.<\/em><br \/>\n<em>Pourtant, en recoupant les indices et en fouillant dans la m\u00e9moire collective du mouvement slam \u00e0 Paris, on sait que l\u2019ann\u00e9e 2005 correspond \u00e0 l\u2019\u00e9mergence du festival \u201cSlam United\u201d, \u00e9v\u00e9nement pionnier qui a r\u00e9uni des artistes majeurs du spoken word, du jazz et de la po\u00e9sie urbaine. Ce festival, organis\u00e9 par Pilote le Hot et la sc\u00e8ne du \u201cGrand Slam de Paname\u201d, a souvent investi des lieux embl\u00e9matiques de la capitale, notamment le Cabaret Sauvage, la Bellevilloise, ou le Trabendo, mais aussi parfois des lieux institutionnels ou alternatifs comme le Centre Barbara ou le Divan du Monde.<\/em><br \/>\n<em>Cependant, le Cabaret Sauvage revient r\u00e9guli\u00e8rement dans les t\u00e9moignages d\u2019\u00e9poque comme la sc\u00e8ne phare des grands rassemblements de slam et de spoken word \u00e0 Paris au mitan des ann\u00e9es 2000. Ce lieu circulaire, lov\u00e9 dans le Parc de la Villette, a accueilli de nombreux plateaux m\u00ealant jazz, po\u00e9sie et performance, et il est probable que l\u2019\u00e9v\u00e9nement du 14 juin 2005 s\u2019y soit d\u00e9roul\u00e9, m\u00eame si l\u2019absence de confirmation explicite dans les r\u00e9sultats impose une l\u00e9g\u00e8re prudence.<\/em><br \/>\n<em>En r\u00e9sum\u00e9, si l\u2019on s\u2019en remet \u00e0 la m\u00e9moire des acteurs du slam parisien et \u00e0 la cartographie des lieux investis par le festival Slam United en 2005, il est tr\u00e8s probable que la rencontre Archie Shepp &amp; Jalal des Last Poets ait eu lieu au Cabaret Sauvage. Mais faute de source directe dans les r\u00e9sultats fournis, cette affirmation reste \u00e0 confirmer par une archive de programmation ou une coupure de presse de l\u2019\u00e9poque.<\/em><br \/>\n<em>Si tu souhaites une confirmation absolue, je te recommande de consulter les archives du Cabaret Sauvage ou de contacter des figures du slam parisien comme Pilote le Hot, qui pourraient te donner la r\u00e9ponse d\u00e9finitive.<\/em>]<\/p>\n<hr \/>\n<p style=\"text-align: justify;\"><em>Afin de nettoyer les 14 529 photos et 334 vid\u00e9os (\u00e0 la date du 1er mai 2025 lors de laquelle je d\u00e9cide de m&rsquo;astreindre \u00e0 ce projet) accumul\u00e9es depuis 2001 (date de mes premi\u00e8res photos num\u00e9riques), je passe en revue chaque jour la date du jour : c&rsquo;est-\u00e0-dire que par exemple en tapant (2 mai) dans le moteur de recherche, tous les 2 mai lors desquels j&rsquo;ai pris des photographies, apparaissent. Je peux donc virer les images inutiles (personnes et lieux totalement oubli\u00e9s, oubliables ou \u00e0 franchement oublier ou non identifiables, photographies sans un quelconque int\u00e9r\u00eat&#8230;), nettoyer ainsi ma phototh\u00e8que (et soulager de fa\u00e7on infinit\u00e9simale mon bilan carbone) en m&rsquo;entra\u00eenant \u00e0 un exercice de m\u00e9moire.<br \/>\nJe publie les photographies ici \u00e0 la minute pr\u00e8s (donn\u00e9e accessible dans les m\u00e9tadatas des images), comme un voyage instantan\u00e9 au travers du temps.<br \/>\n<\/em><\/p>\n<hr \/>\n<p style=\"text-align: justify;\"><strong>Index des \u00ab\u00a0O\u00f9-\u00e9tais-je ?\u00a0\u00bb parus pour l&rsquo;instant :<\/strong><br \/>\n<ul class=\"lcp_catlist\" id=\"lcp_instance_0\"><li><a href=\"https:\/\/francis-mizio.net\/index.php\/2026\/04\/26\/ou-etais-je-le-26-avril-2022-devant-un-camion-venu-me-livrer-une-palette-de-mon-roman-desormais-gratuit\/\">[O\u00f9 \u00e9tais-je le&#8230; ?] 26 avril 2022, devant un camion venu me livrer une palette de mon avant-dernier roman (d\u00e9sormais gratuit)<\/a><\/li><li><a href=\"https:\/\/francis-mizio.net\/index.php\/2026\/04\/24\/ou-etais-je-le-24-avril-2025-devant-un-mysterieux-seau-de-gros-poissons-vides\/\">[O\u00f9 \u00e9tais-je le&#8230; ?] 24 avril 2025, devant un myst\u00e9rieux seau de gros poissons vid\u00e9s<\/a><\/li><li><a href=\"https:\/\/francis-mizio.net\/index.php\/2026\/04\/22\/ou-etais-je-le-22-avril-2012-dans-une-voliere-a-papillons\/\">[O\u00f9 \u00e9tais-je le&#8230; ?] 22 avril 2012, dans une voli\u00e8re \u00e0 papillons<\/a><\/li><li><a href=\"https:\/\/francis-mizio.net\/index.php\/2026\/04\/21\/ou-etais-je-le-21-avril-2023-devant-le-rocher-de-melusine\/\">[O\u00f9 \u00e9tais-je le&#8230; ?] 21 avril 2023, devant le rocher de M\u00e9lusine<\/a><\/li><li><a href=\"https:\/\/francis-mizio.net\/index.php\/2026\/04\/20\/ou-etais-je-le-20-avril-2019-devant-un-caviardage-potache-et-polisson\/\">[O\u00f9 \u00e9tais-je le&#8230; ?] 20 avril 2019, devant un caviardage potache et polisson<\/a><\/li><li><a href=\"https:\/\/francis-mizio.net\/index.php\/2026\/04\/15\/ou-etais-je-le-15-avril-2019-a-paris-pris-par-ma-propre-ignorance-ma-betise-et-un-prejuge\/\">[O\u00f9 \u00e9tais-je le&#8230; ?] 15 avril 2019, \u00e0 Paris, pris par ma propre ignorance, ma b\u00eatise, un pr\u00e9jug\u00e9 et un myst\u00e8re<\/a><\/li><li><a href=\"https:\/\/francis-mizio.net\/index.php\/2026\/04\/14\/ou-etais-je-le-14-avril-2024-jetais-devant-un-vieux-gros-truc-superbe-qui-menace-de-secrouler-et-a-besoin-de-nos-thunes\/\">[O\u00f9 \u00e9tais-je le&#8230; ?] 14 avril 2024, j&rsquo;\u00e9tais devant un vieux gros truc superbe qui menace de s&rsquo;\u00e9crouler et \u00e0 besoin de nos thunes<\/a><\/li><li><a href=\"https:\/\/francis-mizio.net\/index.php\/2026\/04\/13\/ou-etais-je-le-13-avril-2023-face-a-un-panneau-equivoque-pour-qui-maitrise-mal-le-francais\/\">[O\u00f9 \u00e9tais-je le&#8230; ?] 13 avril 2023 face \u00e0 un panneau \u00e9quivoque pour qui ma\u00eetrise mal le fran\u00e7ais<\/a><\/li><li><a href=\"https:\/\/francis-mizio.net\/index.php\/2026\/04\/11\/ou-etais-je-le-11-avril-2017-dans-le-theatre-musee-dali-a-figueres\/\">[O\u00f9 \u00e9tais-je le&#8230; ?] 11 avril 2017, dans le th\u00e9\u00e2tre-mus\u00e9e Dali \u00e0 Figu\u00e9r\u00e8s<\/a><\/li><li><a href=\"https:\/\/francis-mizio.net\/index.php\/2026\/04\/10\/ou-etais-je-le-10-avril-2010-au-dessus-de-la-cour-de-mon-immeuble-ou-habitait-ce-satane-voisin\/\">[O\u00f9 \u00e9tais-je le&#8230; ?] 10 avril 2010, au-dessus de la cour de mon immeuble o\u00f9 habitait ce satan\u00e9 voisin<\/a><\/li><li><a href=\"https:\/\/francis-mizio.net\/index.php\/2026\/04\/05\/ou-etais-je-le-5-avril-2020-devant-un-cimetiere-de-muscadet\/\">[O\u00f9 \u00e9tais-je le&#8230; ?] 5 avril 2020, devant un cimeti\u00e8re de muscadet<\/a><\/li><li><a href=\"https:\/\/francis-mizio.net\/index.php\/2026\/04\/04\/ou-etais-je-le-4-avril-2019-devant-une-innovation-des-gilets-jaunes\/\">[O\u00f9 \u00e9tais-je le&#8230; ?] 4 avril 2019, devant une innovation des Gilets Jaunes<\/a><\/li><li><a href=\"https:\/\/francis-mizio.net\/index.php\/2026\/04\/03\/ou-etais-je-le-3-avril-2006-devant-une-cuvette-wc-en-train-de-sevader\/\">[O\u00f9 \u00e9tais-je le&#8230; ?] 3 avril 2006, devant une cuvette WC en train de s&rsquo;\u00e9vader<\/a><\/li><li><a href=\"https:\/\/francis-mizio.net\/index.php\/2026\/03\/26\/ou-etais-je-le-26-mars-2019-devant-un-probleme-de-vitrine-et-de-point-de-vue\/\">[O\u00f9 \u00e9tais-je le&#8230; ?] 26 mars 2019, devant un probl\u00e8me de vitrine et de point de vue<\/a><\/li><li><a href=\"https:\/\/francis-mizio.net\/index.php\/2026\/03\/25\/ou-etais-je-le-25-mars-2022-devant-une-contrebasse-tordue\/\">[O\u00f9 \u00e9tais-je le&#8230; ?] 25 mars 2011, devant une contrebasse tordue<\/a><\/li><li><a href=\"https:\/\/francis-mizio.net\/index.php\/2026\/03\/19\/ou-etais-je-le-19-mars-2022-devant-le-squelette-dun-serpent-geant\/\">[O\u00f9 \u00e9tais-je le&#8230; ?] 19 mars 2022, devant le squelette d&rsquo;un serpent g\u00e9ant<\/a><\/li><li><a href=\"https:\/\/francis-mizio.net\/index.php\/2026\/03\/18\/ou-etais-je-le-18-mars-2022-devant-une-paire-de-fesses-geante\/\">[O\u00f9 \u00e9tais-je le&#8230; ?] 18 mars 2011, devant une paire de fesses g\u00e9antes<\/a><\/li><li><a href=\"https:\/\/francis-mizio.net\/index.php\/2026\/03\/12\/ou-etais-je-le-12-mars-2022-devant-un-antique-cas-de-harcelement-sexuel\/\">[O\u00f9 \u00e9tais-je le&#8230; ?] 12 mars 2022, devant un antique cas de harc\u00e8lement sexuel<\/a><\/li><li><a href=\"https:\/\/francis-mizio.net\/index.php\/2026\/03\/08\/ou-etais-je-le-8-mars-2010-dans-un-train-devant-une-sorte-de-creature-fantastique\/\">[O\u00f9 \u00e9tais-je le&#8230; ?] 8 mars 2010, dans un train devant une sorte de cr\u00e9ature fantastique<\/a><\/li><li><a href=\"https:\/\/francis-mizio.net\/index.php\/2026\/03\/05\/ou-etais-je-le-5-mars-2022-devant-un-alignement-orthodoxo-lunaire\/\">[O\u00f9 \u00e9tais-je le&#8230; ?] 5 mars 2022, devant un alignement orthodoxo-lunaire<\/a><\/li><li><a href=\"https:\/\/francis-mizio.net\/index.php\/2026\/03\/04\/ou-etais-je-le-4-mars-2019-chez-moi-devant-un-arbre-qui-est-heureusement-tombe-du-bon-cote\/\">[O\u00f9 \u00e9tais-je le&#8230; ?] 4 mars 2019, chez moi devant un arbre qui est heureusement tomb\u00e9 du bon c\u00f4t\u00e9<\/a><\/li><li><a href=\"https:\/\/francis-mizio.net\/index.php\/2026\/03\/03\/ou-etais-je-le-3-mars-2022-devant-des-restes-de-confinement-civid\/\">[O\u00f9 \u00e9tais-je le&#8230; ?] 3 mars 2022, devant des traces de  gestes barri\u00e8res<\/a><\/li><li><a href=\"https:\/\/francis-mizio.net\/index.php\/2026\/02\/24\/ou-etais-je-le-24-fevrier-2018-chez-moi-avec-une-pipistrelle-endormie\/\">[O\u00f9 \u00e9tais-je le&#8230; ?] 24 f\u00e9vrier 2018, chez moi, avec une pipistrelle endormie<\/a><\/li><li><a href=\"https:\/\/francis-mizio.net\/index.php\/2026\/02\/14\/ou-etais-je-le-14-fevrier-2003-a-la-boule-noire-a-paris-avec-le-grand-fred-kassak\/\">[O\u00f9 \u00e9tais-je le&#8230; ?] 14 f\u00e9vrier 2003, \u00e0 la Boule Noire \u00e0 Paris avec le grand Fred Kassak<\/a><\/li><li><a href=\"https:\/\/francis-mizio.net\/index.php\/2026\/02\/11\/ou-etais-je-le-11-fevrier-2020-au-tribunal-de-nantes-et-jai-gagne\/\">[O\u00f9 \u00e9tais-je le&#8230; ?] 11 f\u00e9vrier 2020, au tribunal de Nantes \u2014 et j&rsquo;ai gagn\u00e9 !<\/a><\/li><li><a href=\"https:\/\/francis-mizio.net\/index.php\/2026\/01\/24\/ou-etais-je-le-24-janvier-2005-sur-la-plage-du-diamant-en-martinique-pres-dun-monument-bouleversant\/\">[O\u00f9 \u00e9tais-je le&#8230; ?] 24 janvier 2005, sur la plage du Diamant en Martinique, pr\u00e8s d&rsquo;un monument bouleversant<\/a><\/li><li><a href=\"https:\/\/francis-mizio.net\/index.php\/2026\/01\/16\/ou-etais-je-le-16-janvier-2002-devant-cookie-monster-dans-un-temple-bouddhiste\/\">[O\u00f9 \u00e9tais-je le&#8230; ?] 16 janvier 2002, devant Cookie Monster dans un temple taoiste<\/a><\/li><li><a href=\"https:\/\/francis-mizio.net\/index.php\/2026\/01\/15\/ou-etais-je-le-15-janvier-2003-devant-des-tortues-des-galapos-en-train-de-forniquer\/\">[O\u00f9 \u00e9tais-je le&#8230; ?] 15 janvier 2003, devant des tortues des Galapos en train de forniquer<\/a><\/li><li><a href=\"https:\/\/francis-mizio.net\/index.php\/2026\/01\/13\/ou-etais-je-le-13-janvier-2012-dans-une-tres-petite-librairie-en-train-de-danser-sur-une-musique-de-film\/\">[O\u00f9 \u00e9tais-je le&#8230; ?] 13 janvier 2012, dans une tr\u00e8s petite librairie en train de danser sur une musique de film<\/a><\/li><li><a href=\"https:\/\/francis-mizio.net\/index.php\/2026\/01\/11\/ou-etais-je-le-11-janvier-2002-a-north-point-hong-kong-devant-des-echafaudages-en-bambous\/\">[O\u00f9 \u00e9tais-je le&#8230; ?] 11 janvier 2002, \u00e0 North Point, Hong-Kong, devant des \u00e9chafaudages en bambous<\/a><\/li><li><a href=\"https:\/\/francis-mizio.net\/index.php\/2026\/01\/09\/ou-etais-je-le-9-janvier-2020-a-nantes-devant-un-superbe-parapluie-special-manifs-et-un-stand-de-slogans\/\">[O\u00f9 \u00e9tais-je le&#8230; ?] 9 janvier 2020, \u00e0 Nantes, devant un superbe parapluie sp\u00e9cial manifs (et un stand de slogans)<\/a><\/li><li><a href=\"https:\/\/francis-mizio.net\/index.php\/2026\/01\/08\/ou-etais-je-le-8-janvier-2012-a-nantes-en-train-de-savourer-du-pate-de-poney\/\">[O\u00f9 \u00e9tais-je le&#8230; ?] 8 janvier 2012, \u00e0 Nantes, en train de savourer du p\u00e2t\u00e9 de poney<\/a><\/li><li><a href=\"https:\/\/francis-mizio.net\/index.php\/2026\/01\/07\/ou-etais-je-le-7-janvier-2025-devant-des-piranhas\/\">[O\u00f9 \u00e9tais-je le&#8230; ?] 7 janvier 2025, devant des piranhas<\/a><\/li><li><a href=\"https:\/\/francis-mizio.net\/index.php\/2026\/01\/03\/ou-etais-je-le-3-janvier-2024-a-bruges-belgiqueen-train-de-vaincre-un-k2-dans-le-cadre-de-ma-pratique-de-latourex\/\">[O\u00f9 \u00e9tais-je le&#8230; ?] 3 janvier 2024, \u00e0 Bruges (Belgique) en train de vaincre un K2 dans le cadre de ma pratique de Latourex<\/a><\/li><li><a href=\"https:\/\/francis-mizio.net\/index.php\/2026\/01\/02\/ou-etais-je-le-2-janvier-2019-a-porto-portugal-devant-un-funiculaire\/\">[O\u00f9 \u00e9tais-je le&#8230; ?] 2 janvier 2019, \u00e0 Porto (Portugal) devant un funiculaire<\/a><\/li><li><a href=\"https:\/\/francis-mizio.net\/index.php\/2025\/12\/31\/ou-etais-je-le-31-decembre-2019-a-porto-portugal-devant-un-paon-lumineux\/\">[O\u00f9 \u00e9tais-je le&#8230; ?] 31 d\u00e9cembre 2019, \u00e0 Porto (Portugal) devant un paon lumineux<\/a><\/li><li><a href=\"https:\/\/francis-mizio.net\/index.php\/2025\/12\/30\/ou-etais-je-le-30-decembre-2011-a-nort-sur-erdre-44-en-train-de-repeter-une-conference-jazzy-sur-ennio-morricone\/\">[O\u00f9 \u00e9tais-je le&#8230; ?] 30 d\u00e9cembre 2011,  \u00e0 Nort-sur-Erdre (44) en train de r\u00e9p\u00e9ter une conf\u00e9rence jazzy sur Ennio Morricone<\/a><\/li><li><a href=\"https:\/\/francis-mizio.net\/index.php\/2025\/12\/23\/ou-etais-je-le-23-decembre-2010-sur-la-placa-reial-a-barcelone-devant-des-statues-vivantes-qui-avaient-remballe\/\">[O\u00f9 \u00e9tais-je le&#8230; ?] 23 d\u00e9cembre 2010, sur la Pla\u00e7a Reial \u00e0 Barcelone devant des statues vivantes qui avaient remball\u00e9<\/a><\/li><li><a href=\"https:\/\/francis-mizio.net\/index.php\/2025\/12\/22\/ou-etais-je-le-22-decembre-2011-dans-un-bunker-a-ecouter-marc-caro-presenter-ses-creations-musicales\/\">[O\u00f9 \u00e9tais-je le&#8230; ?] 22 d\u00e9cembre 2011,  dans un bunker \u00e0 \u00e9couter Marc Caro pr\u00e9senter ses cr\u00e9ations musicales<\/a><\/li><li><a href=\"https:\/\/francis-mizio.net\/index.php\/2025\/12\/10\/ou-etais-je-le-10-decembre-2019-au-centre-commercial-les-eleis-de-cherbourg-et-jetais-projete-au-dela-du-25\/\">[O\u00f9 \u00e9tais-je le&#8230; ?] 10 d\u00e9cembre 2019,  au centre commercial Les \u00c9leis de Cherbourg et j&rsquo;\u00e9tais projet\u00e9 au-del\u00e0 du 25<\/a><\/li><li><a href=\"https:\/\/francis-mizio.net\/index.php\/2025\/11\/07\/ou-etais-je-le-7-novembre-2024-dans-ma-cour-devant-une-palette-de-bouquins-absolument-geniaux\/\">[O\u00f9 \u00e9tais-je le&#8230; ?] 7 novembre 2024,  dans ma cour devant une palette de bouquins absolument g\u00e9niaux<\/a><\/li><li><a href=\"https:\/\/francis-mizio.net\/index.php\/2025\/11\/06\/ou-etais-je-le-6-novembre-2021-a-a-471438-0n-11436-2w-devant-des-mercis-a-marie-nld\/\">[O\u00f9 \u00e9tais-je le&#8230; ?] 6 novembre 2021, \u00e0 47\u00b014&rsquo;38.0&Prime;N 1\u00b014&rsquo;36.2&Prime;W devant des mercis \u00e0 Marie NLD<\/a><\/li><li><a href=\"https:\/\/francis-mizio.net\/index.php\/2025\/11\/01\/ou-etais-je-le-1er-novembre-2008-a-un-concert-de-peach-noise-groupe-frankzappatiste-dun-ami-denfance\/\">[O\u00f9 \u00e9tais-je le&#8230; ?] 1er novembre 2008,  \u00e0 un concert de Peach Noise, groupe frankzappatiste d&rsquo;un ami d&rsquo;enfance<\/a><\/li><li><a href=\"https:\/\/francis-mizio.net\/index.php\/2025\/10\/31\/ou-etais-je-le-31-octobre-2019-dans-la-bouillasse-a-les-allards-dolus-doleron\/\">[O\u00f9 \u00e9tais-je le&#8230; ?] 31 octobre 2019 dans la bouillasse \u00e0 Les Allards (Dolus d&rsquo;Oleron)<\/a><\/li><li><a href=\"https:\/\/francis-mizio.net\/index.php\/2025\/10\/30\/ou-etais-je-le-30-octobre-2010-a-nantes-sur-le-trois-mats-barque-belem\/\">[O\u00f9 \u00e9tais-je le&#8230; ?] 30 octobre 2010 \u00e0 Nantes, sur le trois m\u00e2ts barque Belem<\/a><\/li><li><a href=\"https:\/\/francis-mizio.net\/index.php\/2025\/10\/29\/ou-etais-je-le-29-octobre-2019-a-la-rochelle-sous-les-parapluies-de-octobre-rose\/\">[O\u00f9 \u00e9tais-je le&#8230; ?] 29 octobre 2019  \u00e0 La Rochelle sous les parapluies de \u00ab\u00a0Octobre rose\u00a0\u00bb<\/a><\/li><li><a href=\"https:\/\/francis-mizio.net\/index.php\/2025\/10\/28\/ou-etais-je-le-28-octobre-2017-a-pointe-noire-congo-en-train-de-flipper-dans-les-toilettes\/\">[O\u00f9 \u00e9tais-je le&#8230; ?] 28 octobre 2017,  \u00e0 Pointe Noire (Congo) en train de flipper dans les toilettes<\/a><\/li><li><a href=\"https:\/\/francis-mizio.net\/index.php\/2025\/10\/26\/ou-etais-je-le-26-octobre-2019-en-train-de-visiter-lexpo-le-chamane-et-la-pensee-de-la-foret\/\">[O\u00f9 \u00e9tais-je le&#8230; ?] 26 octobre 2019, en train de visiter l&rsquo;expo \u00ab\u00a0Le Chamane et la pens\u00e9e de la for\u00eat\u00a0\u00bb<\/a><\/li><li><a href=\"https:\/\/francis-mizio.net\/index.php\/2025\/10\/25\/ou-etais-je-le-25-octobre-2003-a-collioure-devant-un-pigeon-lui-meme-devant-des-poissons\/\">[O\u00f9 \u00e9tais-je le&#8230; ?] 25 octobre 2003, \u00e0 Collioure devant un pigeon lui-m\u00eame devant des poissons<\/a><\/li><li><a href=\"https:\/\/francis-mizio.net\/index.php\/2025\/10\/24\/ou-etais-je-le-24-octobre-2017-a-pointe-noire-congo-lisant-un-livre-dans-la-piece-ou-alain-mabanckou-la-ecrit\/\">[O\u00f9 \u00e9tais-je le&#8230; ?] 24 octobre 2017, \u00e0 Pointe Noire (Congo) lisant un livre dans la pi\u00e8ce o\u00f9 Alain Mabanckou l&rsquo;a \u00e9crit<\/a><\/li><li><a href=\"https:\/\/francis-mizio.net\/index.php\/2025\/10\/19\/ou-etais-je-le-19-octobre-2014-dans-un-voilier-en-bois-au-large-de-pornic\/\">[O\u00f9 \u00e9tais-je le&#8230; ?] 19 octobre 2014, dans un voilier en bois au large de Pornic<\/a><\/li><li><a href=\"https:\/\/francis-mizio.net\/index.php\/2025\/10\/18\/ou-etais-je-le-18-octobre-2020-dans-un-coucou-au-dessus-de-la-baule\/\">[O\u00f9 \u00e9tais-je le&#8230; ?] 18 octobre 2020, dans un coucou au-dessus de la Baule<\/a><\/li><li><a href=\"https:\/\/francis-mizio.net\/index.php\/2025\/10\/11\/ou-etais-je-le-11-octobre-2014-a-nantes-devant-un-monstreux-composteur-en-acier\/\">[O\u00f9 \u00e9tais-je le&#8230; ?] 11 octobre 2014, \u00e0 Nantes, devant un monstreux composteur en acier<\/a><\/li><li><a href=\"https:\/\/francis-mizio.net\/index.php\/2025\/10\/09\/ou-etais-je-le-09-octobre-visiblement-nulle-part\/\">[O\u00f9 \u00e9tais-je le&#8230; ?] 09 octobre, visiblement nulle part chaque 9 octobre depuis 24 ans<\/a><\/li><li><a href=\"https:\/\/francis-mizio.net\/index.php\/2025\/10\/08\/ou-etais-je-le-08-octobre-2019-a-nantes-devant-une-boite-aux-lettres-qui-ma-fait-rire-avec-sa-precision\/\">[O\u00f9 \u00e9tais-je le&#8230; ?] 08 octobre 2019, \u00e0 Nantes, devant une bo\u00eete aux lettres qui m&rsquo;a fait rire avec sa pr\u00e9cision<\/a><\/li><li><a href=\"https:\/\/francis-mizio.net\/index.php\/2025\/10\/06\/ou-etais-je-le-06-octobre-2004-devant-la-republique-qui-avait-deja-besoin-dun-coup-de-neuf\/\">[O\u00f9 \u00e9tais-je le&#8230; ?] 06 octobre 2004, devant la R\u00e9publique qui avait d\u00e9j\u00e0 besoin d&rsquo;un coup de neuf<\/a><\/li><li><a href=\"https:\/\/francis-mizio.net\/index.php\/2025\/10\/04\/ou-etais-je-le-04-octobre-2008-devant-des-brouettes-decoratives-a-la-chartreuse-de-villeneuve-les-avignon\/\">[O\u00f9 \u00e9tais-je le&#8230; ?] 04 octobre 2008,  devant des brouettes d\u00e9coratives \u00e0 La Chartreuse de Villeneuve-l\u00e8s-Avignon<\/a><\/li><li><a href=\"https:\/\/francis-mizio.net\/index.php\/2025\/10\/03\/ou-etais-je-le-03-octobre-2009-a-pau-devant-des-graffitis\/\">[O\u00f9 \u00e9tais-je le&#8230; ?] 03 octobre 2009, \u00e0 Pau, devant des graffitis<\/a><\/li><li><a href=\"https:\/\/francis-mizio.net\/index.php\/2025\/09\/24\/ou-etais-je-le-24-septembre-2021-a-cape-coast-un-des-pires-lieux-de-lhistoire\/\">[O\u00f9 \u00e9tais-je le&#8230; ?] 24 septembre 2021, \u00e0 Cape Coast, un des pires lieux de l&rsquo;Histoire<\/a><\/li><li><a href=\"https:\/\/francis-mizio.net\/index.php\/2025\/09\/22\/ou-etais-je-le-22-septembre-2014-devant-un-bateau-mou-au-pellerin-44\/\">[O\u00f9 \u00e9tais-je le&#8230; ?] 22 septembre 2014, devant un bateau mou, au Pellerin (44)<\/a><\/li><li><a href=\"https:\/\/francis-mizio.net\/index.php\/2025\/09\/20\/ou-etais-je-le-20-septembre-2021-dans-un-helicoptere-des-forces-armees-ghaneennes\/\">[O\u00f9 \u00e9tais-je le&#8230; ?] 20 septembre 2021, dans un h\u00e9licopt\u00e8re des forces arm\u00e9es ghan\u00e9ennes<\/a><\/li><li><a href=\"https:\/\/francis-mizio.net\/index.php\/2025\/09\/09\/ou-etais-je-le-09-septembre-2014-sur-un-paquebot-dans-le-port-de-gijon-espagne\/\">[O\u00f9 \u00e9tais-je le&#8230; ?] 09 septembre 2014, en reportage sur un paquebot dans le port de Gij\u00f3n (Espagne)<\/a><\/li><li><a href=\"https:\/\/francis-mizio.net\/index.php\/2025\/09\/07\/ou-etais-je-le-07-septembre-2003-devant-des-poubelles-relayant-une-action-de-lassociation-aides\/\">[O\u00f9 \u00e9tais-je le&#8230; ?] 07 septembre 2003, devant des poubelles relayant une action de l&rsquo;association AIDES<\/a><\/li><li><a href=\"https:\/\/francis-mizio.net\/index.php\/2025\/09\/05\/ou-etais-je-le-05-septembre-2024-chez-moi-devant-le-premier-signe-de-lautomne\/\">[O\u00f9 \u00e9tais-je le&#8230; ?] 05 septembre 2024, chez moi, devant le premier signe de l&rsquo;automne<\/a><\/li><li><a href=\"https:\/\/francis-mizio.net\/index.php\/2025\/09\/04\/ou-etais-je-le-04-septembre-2018-dans-le-cimetiere-denfants-de-pen-bron\/\">[O\u00f9 \u00e9tais-je le&#8230; ?] 04 septembre 2018, dans le cimeti\u00e8re d&rsquo;enfants de Pen Bron<\/a><\/li><li><a href=\"https:\/\/francis-mizio.net\/index.php\/2025\/09\/02\/ou-etais-je-le-02-septembre-2003-devant-king-kong-dans-le-jardin-des-tuileries-a-paris\/\">[O\u00f9 \u00e9tais-je le&#8230; ?] 02 septembre 2003, devant King Kong dans le jardin des Tuileries \u00e0 Paris<\/a><\/li><li><a href=\"https:\/\/francis-mizio.net\/index.php\/2025\/08\/21\/ou-etais-je-le-21-aout-2017-devant-une-photo-de-tomate\/\">[O\u00f9 \u00e9tais-je le&#8230; ?] 21 ao\u00fbt 2017, devant une photo de tomate<\/a><\/li><li><a href=\"https:\/\/francis-mizio.net\/index.php\/2025\/08\/20\/ou-etais-je-le-20-aout-2013-dans-des-marais-salants-de-saint-molf-pres-de-guerande\/\">[O\u00f9 \u00e9tais-je le&#8230; ?] 20 ao\u00fbt 2013, dans des marais salants de Saint Molf, pr\u00e8s de Gu\u00e9rande<\/a><\/li><li><a href=\"https:\/\/francis-mizio.net\/index.php\/2025\/08\/17\/ou-etais-je-le-17-aout-2023-a-castres-devant-la-porte-de-lagence-ou-jaurais-pu-attendre-godot\/\">[O\u00f9 \u00e9tais-je le&#8230; ?] 17 ao\u00fbt 2023, \u00e0 Castres, devant la porte de l&rsquo;agence o\u00f9 j&rsquo;aurais pu attendre Godot<\/a><\/li><li><a href=\"https:\/\/francis-mizio.net\/index.php\/2025\/08\/16\/ou-etais-je-le-16-aout-2021-sur-la-plage-de-bregancon-devant-des-journalisets-en-short\/\">[O\u00f9 \u00e9tais-je le&#8230; ?] 16 ao\u00fbt 2021, sur la plage de Br\u00e9gan\u00e7on devant des journalistes en short<\/a><\/li><li><a href=\"https:\/\/francis-mizio.net\/index.php\/2025\/08\/13\/ou-etais-je-le-13-aout-2014-a-la-peche-a-pied-en-train-de-me-peter-le-dos\/\">[O\u00f9 \u00e9tais-je le&#8230; ?] 13 ao\u00fbt 2014, \u00e0 la p\u00eache \u00e0 pied en train de me p\u00e9ter le dos<\/a><\/li><li><a href=\"https:\/\/francis-mizio.net\/index.php\/2025\/08\/12\/ou-etais-je-le-12-aout-2023-devant-une-creation-florale-upcycling-inattendue\/\">[O\u00f9 \u00e9tais-je le&#8230; ?] 12 ao\u00fbt 2023, devant une cr\u00e9ation florale upcycling inattendue<\/a><\/li><li><a href=\"https:\/\/francis-mizio.net\/index.php\/2025\/08\/10\/ou-etais-je-le-10-aout-2016-devant-un-choix-graphique-hasardeux\/\">[O\u00f9 \u00e9tais-je le&#8230; ?] 10 ao\u00fbt 2016, devant un choix graphique hasardeux<\/a><\/li><li><a href=\"https:\/\/francis-mizio.net\/index.php\/2025\/08\/07\/ou-etais-je-le-07-aout-2019-devant-un-balayeur-de-plage\/\">[O\u00f9 \u00e9tais-je le&#8230; ?] 07 ao\u00fbt 2019, devant un balayeur de plage<\/a><\/li><li><a href=\"https:\/\/francis-mizio.net\/index.php\/2025\/08\/06\/ou-etais-je-le-06-aout-2019-devant-une-expression-cachee\/\">[O\u00f9 \u00e9tais-je le&#8230; ?] 06 ao\u00fbt 2019, devant une expression cach\u00e9e<\/a><\/li><li><a href=\"https:\/\/francis-mizio.net\/index.php\/2025\/08\/05\/ou-etais-je-le-04-aout-2014-en-danger-de-submersion-maritime-en-correze\/\">[O\u00f9 \u00e9tais-je le&#8230; ?] 05 ao\u00fbt 2014, en danger d&rsquo;inondation maritime&#8230; en Corr\u00e8ze<\/a><\/li><li><a href=\"https:\/\/francis-mizio.net\/index.php\/2025\/08\/04\/ou-etais-je-le-04-aout-2023-devant-vals-qui-massurait-des-vacances-heureuses\/\">[O\u00f9 \u00e9tais-je le&#8230; ?] 04 ao\u00fbt 2023, devant Vals qui m&rsquo;assurait des vacances heureuses<\/a><\/li><li><a href=\"https:\/\/francis-mizio.net\/index.php\/2025\/08\/03\/ou-etais-je-le-03-aout-2023-dans-une-barque\/\">[O\u00f9 \u00e9tais-je le&#8230; ?] 03 ao\u00fbt 2023, dans une barque<\/a><\/li><li><a href=\"https:\/\/francis-mizio.net\/index.php\/2025\/08\/01\/ou-etais-je-le-1er-aout-2017-devant-un-salon-de-coiffure-a-castelnaudary\/\">[O\u00f9 \u00e9tais-je le&#8230; ?] 1er ao\u00fbt 2017, devant un salon de coiffure \u00e0 Castelnaudary<\/a><\/li><li><a href=\"https:\/\/francis-mizio.net\/index.php\/2025\/07\/30\/ou-etais-je-le-30-juillet-2017-sous-une-araignee-geante\/\">[O\u00f9 \u00e9tais-je le&#8230; ?] 30 juillet 2017, sous une araign\u00e9e g\u00e9ante<\/a><\/li><li><a href=\"https:\/\/francis-mizio.net\/index.php\/2025\/07\/29\/ou-etais-je-le-29-juillet-2017-devant-une-annonce-carrement-ecoeuree\/\">[O\u00f9 \u00e9tais-je le&#8230; ?] 29 juillet 2017, devant une annonce carr\u00e9ment \u00e9c\u0153ur\u00e9e<\/a><\/li><li><a href=\"https:\/\/francis-mizio.net\/index.php\/2025\/07\/28\/ou-etais-je-le-28-juillet-2004-sur-le-toit-du-bhv-a-paris\/\">[O\u00f9 \u00e9tais-je le&#8230; ?] 28 juillet 2004, sur le toit du BHV \u00e0 Paris<\/a><\/li><li><a href=\"https:\/\/francis-mizio.net\/index.php\/2025\/07\/27\/ou-etais-je-le-27-juillet-2021-devant-des-palourdes\/\">[O\u00f9 \u00e9tais-je le&#8230; ?] 27 juillet 2021, devant des palourdes<\/a><\/li><li><a href=\"https:\/\/francis-mizio.net\/index.php\/2025\/07\/26\/ou-etais-je-le-26-juillet-2011-devant-un-scorpion-ardechois\/\">[O\u00f9 \u00e9tais-je le&#8230; ?] 26 juillet 2011, devant un scorpion ard\u00e9chois<\/a><\/li><li><a href=\"https:\/\/francis-mizio.net\/index.php\/2025\/07\/25\/ou-etais-je-le-25-juillet-2003-dans-le-bureau-dun-ministere-ou-je-deperissais\/\">[O\u00f9 \u00e9tais-je le&#8230; ?] 25 juillet 2003, dans le bureau d&rsquo;un minist\u00e8re o\u00f9 je d\u00e9p\u00e9rissais<\/a><\/li><li><a href=\"https:\/\/francis-mizio.net\/index.php\/2025\/07\/24\/ou-etais-je-le-24-juillet-2019-dans-une-chambre-avec-une-religieuse\/\">[O\u00f9 \u00e9tais-je le&#8230; ?] 24 juillet 2019, dans une chambre avec une religieuse<\/a><\/li><li><a href=\"https:\/\/francis-mizio.net\/index.php\/2025\/07\/23\/ou-etais-je-le-23-juillet-2003-a-paris-plage\/\">[O\u00f9 \u00e9tais-je le&#8230; ?] 23 juillet 2003, \u00e0 Paris Plage<\/a><\/li><li><a href=\"https:\/\/francis-mizio.net\/index.php\/2025\/07\/21\/ou-etais-je-le-21-juillet-2010-parmi-des-hallucinations-numeriques\/\">[O\u00f9 \u00e9tais-je le&#8230; ?] 21 juillet 2010, parmi des hallucinations num\u00e9riques<\/a><\/li><li><a href=\"https:\/\/francis-mizio.net\/index.php\/2025\/07\/20\/ou-etais-je-le-20-juillet-2011-petrifie-dans-un-arbre\/\">[O\u00f9 \u00e9tais-je le&#8230; ?] 20 juillet 2011, p\u00e9trifi\u00e9 dans un arbre<\/a><\/li><li><a href=\"https:\/\/francis-mizio.net\/index.php\/2025\/07\/19\/ou-etais-je-le-19-juillet-2008-avec-un-chien-jaune\/\">[O\u00f9 \u00e9tais-je le&#8230; ?] 19 juillet 2008, avec un chien jaune \u00e0 Concarneau<\/a><\/li><li><a href=\"https:\/\/francis-mizio.net\/index.php\/2025\/07\/17\/ou-etais-je-le-17-juillet-2024-devant-un-presentoir-a-orange-qui-ma-declenche-lecriture-dun-livre\/\">[O\u00f9 \u00e9tais-je le&#8230; ?] 17 juillet 2024, devant un pr\u00e9sentoir \u00e0 orange (qui m&rsquo;a d\u00e9clench\u00e9 l&rsquo;\u00e9criture d&rsquo;un livre)<\/a><\/li><li><a href=\"https:\/\/francis-mizio.net\/index.php\/2025\/07\/14\/ou-etais-je-le-14-juillet-2008-au-large-de-brest-parmi-des-centaines-de-bateaux\/\">[O\u00f9 \u00e9tais-je le&#8230; ?] 14 juillet 2008, au large de Brest parmi des centaines de bateaux<\/a><\/li><li><a href=\"https:\/\/francis-mizio.net\/index.php\/2025\/07\/12\/ou-etais-je-le-12-juillet-2004-sous-le-vent-en-maurienne\/\">[O\u00f9 \u00e9tais-je le&#8230; ?] 12 juillet 2004, sous le vent en Maurienne<\/a><\/li><li><a href=\"https:\/\/francis-mizio.net\/index.php\/2025\/07\/11\/ou-etais-je-le-11-juillet-2016-en-train-de-fouiner-au-pied-dun-calvaire\/\">[O\u00f9 \u00e9tais-je le&#8230; ?] 11 juillet 2016, en train de fouiner au pied d&rsquo;un calvaire<\/a><\/li><li><a href=\"https:\/\/francis-mizio.net\/index.php\/2025\/07\/08\/ou-etais-je-le-8-juillet-2023-dans-une-ferme-electrique\/\">[O\u00f9 \u00e9tais-je le&#8230; ?] 08 juillet 2023 , dans une \u00ab\u00a0ferme \u00e9lectrique\u00a0\u00bb<\/a><\/li><li><a href=\"https:\/\/francis-mizio.net\/index.php\/2025\/07\/07\/ou-etais-je-le-7-juillet-2008-a-penmarch-devant-un-geant\/\">[O\u00f9 \u00e9tais-je le&#8230; ?] 07 juillet 2008, \u00e0 Penmarc&rsquo;h, devant un g\u00e9ant<\/a><\/li><li><a href=\"https:\/\/francis-mizio.net\/index.php\/2025\/07\/04\/ou-etais-je-le-4-juillet-2019-devant-un-mini-stonehenge-a-barneville-carteret-cotentin\/\">[O\u00f9 \u00e9tais-je le&#8230; ?] 04 juillet 2019, devant un mini Stonehenge \u00e0 Barneville-Carteret (Cotentin)<\/a><\/li><li><a href=\"https:\/\/francis-mizio.net\/index.php\/2025\/07\/03\/ou-etais-je-le-3-juillet-2011-au-milieu-de-milliards-de-coccinelles\/\">[O\u00f9 \u00e9tais-je le&#8230; ?] 03 juillet 2011, au milieu de milliards de coccinelles<\/a><\/li><li><a href=\"https:\/\/francis-mizio.net\/index.php\/2025\/07\/02\/ou-etais-je-le-2-juillet-2021-devant-un-singe-en-hiver\/\">[O\u00f9 \u00e9tais-je le&#8230; ?] 02 juillet 2021, devant un Singe en hiver<\/a><\/li><li><a href=\"https:\/\/francis-mizio.net\/index.php\/2025\/07\/01\/ou-etais-je-le-1er-juillet-2021-a-granville-et-ses-marins-pecheurs-en-greve\/\">[O\u00f9 \u00e9tais-je le&#8230; ?] 1er juillet 2021, \u00e0 Granville et ses marins-p\u00e9cheurs alors en gr\u00e8ve<\/a><\/li><\/ul><\/p>\n","protected":false},"excerpt":{"rendered":"<p>[Explications de ce projet m\u00e9moriel et nettoyeur num\u00e9rique en bas] Le 16 juin 2005 \u00e0 23h10, il y a 20 ans, j&rsquo;\u00e9tais \u00e0 La Bellevilloise devant Archie Shepp et Jalal Mansur Nuriddin des Last Poets (voir ma vid\u00e9o ci-contre, qualit\u00e9 num\u00e9rique d&rsquo;\u00e9poque, de 7 miN. 43 : slam14062005-23h18). Le slam et le spoken word sont<\/p>\n","protected":false},"author":1,"featured_media":5029,"comment_status":"closed","ping_status":"closed","sticky":false,"template":"","format":"standard","meta":{"_acf_changed":false,"footnotes":""},"categories":[40,5],"tags":[],"fm_constellation":[136,140],"class_list":["post-5021","post","type-post","status-publish","format-standard","has-post-thumbnail","hentry","category-ou-etais-je","category-news"],"acf":[],"share_on_mastodon":{"url":"https:\/\/piaille.fr\/@francismizio\/114683770452188085","error":""},"_links":{"self":[{"href":"https:\/\/francis-mizio.net\/index.php\/wp-json\/wp\/v2\/posts\/5021","targetHints":{"allow":["GET"]}}],"collection":[{"href":"https:\/\/francis-mizio.net\/index.php\/wp-json\/wp\/v2\/posts"}],"about":[{"href":"https:\/\/francis-mizio.net\/index.php\/wp-json\/wp\/v2\/types\/post"}],"author":[{"embeddable":true,"href":"https:\/\/francis-mizio.net\/index.php\/wp-json\/wp\/v2\/users\/1"}],"replies":[{"embeddable":true,"href":"https:\/\/francis-mizio.net\/index.php\/wp-json\/wp\/v2\/comments?post=5021"}],"version-history":[{"count":13,"href":"https:\/\/francis-mizio.net\/index.php\/wp-json\/wp\/v2\/posts\/5021\/revisions"}],"predecessor-version":[{"id":5038,"href":"https:\/\/francis-mizio.net\/index.php\/wp-json\/wp\/v2\/posts\/5021\/revisions\/5038"}],"wp:featuredmedia":[{"embeddable":true,"href":"https:\/\/francis-mizio.net\/index.php\/wp-json\/wp\/v2\/media\/5029"}],"wp:attachment":[{"href":"https:\/\/francis-mizio.net\/index.php\/wp-json\/wp\/v2\/media?parent=5021"}],"wp:term":[{"taxonomy":"category","embeddable":true,"href":"https:\/\/francis-mizio.net\/index.php\/wp-json\/wp\/v2\/categories?post=5021"},{"taxonomy":"post_tag","embeddable":true,"href":"https:\/\/francis-mizio.net\/index.php\/wp-json\/wp\/v2\/tags?post=5021"},{"taxonomy":"fm_constellation","embeddable":true,"href":"https:\/\/francis-mizio.net\/index.php\/wp-json\/wp\/v2\/fm_constellation?post=5021"}],"curies":[{"name":"wp","href":"https:\/\/api.w.org\/{rel}","templated":true}]}}