{"id":506,"date":"2020-02-14T12:27:01","date_gmt":"2020-02-14T11:27:01","guid":{"rendered":"http:\/\/francismizio.net\/?p=506"},"modified":"2026-04-11T10:52:30","modified_gmt":"2026-04-11T08:52:30","slug":"sans-createurs-et-creatrices-pas-de-creation-francaise","status":"publish","type":"post","link":"https:\/\/francis-mizio.net\/index.php\/2020\/02\/14\/sans-createurs-et-creatrices-pas-de-creation-francaise\/","title":{"rendered":"Sans cr\u00e9ateurs et cr\u00e9atrices, pas de cr\u00e9ation fran\u00e7aise"},"content":{"rendered":"<h3 class=\"center\" style=\"text-align: justify;\">Soutien au rapport Bruno Racine<\/h3>\n<p style=\"text-align: justify;\">Tribune publi\u00e9e dans <a href=\"https:\/\/www.lemonde.fr\/idees\/article\/2020\/02\/13\/rapport-racine-nous-en-appelons-a-l-intervention-de-l-etat-pour-donner-aux-createurs-des-conditions-plus-justes-et-dignes_6029391_3232.html\" target=\"_blank\" rel=\"noopener noreferrer\">Le Monde<\/a> le 13 f\u00e9vrier 2020<\/p>\n<p class=\"center\" style=\"text-align: justify;\"><em>\u00ab\u00a0Quiconque travaille a droit \u00e0 une r\u00e9mun\u00e9ration \u00e9quitable et satisfaisante lui assurant ainsi qu\u2019\u00e0 sa famille une existence conforme \u00e0 la dignit\u00e9 humaine\u00a0\u00bb<\/em><br \/>\nArticle 23 de la D\u00e9claration Universelle des Droits de l\u2019Homme<\/p>\n<p style=\"text-align: justify;\">Depuis la sortie du rapport Bruno Racine, portant un projet in\u00e9dit pour sauver les m\u00e9tiers de la cr\u00e9ation en France, des repr\u00e9sentants du Syndicat National de l\u2019\u00c9dition se sont oppos\u00e9s avec ardeur \u00e0 sa mise en application.<\/p>\n<p style=\"text-align: justify;\">Nous, artistes-auteurs, signons aujourd\u2019hui ce texte commun, pour faire la d\u00e9monstration de la solidarit\u00e9 de nos professions cr\u00e9atives.<\/p>\n<p style=\"text-align: justify;\">Le rapport Bruno Racine est un constat lucide, pragmatique et incontestable qui propose des mesures tr\u00e8s concr\u00e8tes pouvant am\u00e9liorer en profondeur les conditions de cr\u00e9ation de tous les artistes-auteurs\u00a0: \u00e9crivains et \u00e9crivaines, photographes, compositeurs et compositrices, sc\u00e9naristes, traducteurs et traductrices, peintres, dessinateurs et dessinatrices, plasticiens et plasticiennes, sculpteurs et sculptrices, vid\u00e9astes etc.<\/p>\n<p style=\"text-align: justify;\">Un rapport aussi pr\u00e9cis sur les plans juridique, fiscal, social et administratif met en exergue nos droits bafou\u00e9s, la faiblesse de nos r\u00e9mun\u00e9rations, le manque de r\u00e9gulation de l\u2019\u00c9tat, l\u2019absence de statut clair. Il d\u00e9voile \u00e9galement un immense scandale\u00a0: l\u2019AGESSA (Association de Gestion de la S\u00e9curit\u00e9 Sociale des Auteurs) \u00e9tait en infraction du code de la s\u00e9curit\u00e9 sociale depuis 1975. Bien qu\u2019ayant travaill\u00e9, combien des 190 000 artistes-auteurs se retrouvent aujourd\u2019hui priv\u00e9s de droits \u00e0 la retraite \u00e0 cause des dysfonctionnements du pilotage de cet organisme et l\u2019inaction de l\u2019Etat durant des d\u00e9cennies\u00a0?<\/p>\n<p style=\"text-align: justify;\">Isol\u00e9s par la nature m\u00eame de leur activit\u00e9, tous les artistes-auteurs en France sont dans un rapport de force clairement asym\u00e9trique lors des n\u00e9gociations avec les diffuseurs de leurs \u0153uvres. Pourtant, les industries cr\u00e9atives sont des secteurs hautement r\u00e9gul\u00e9s. Il suffit de prendre l\u2019exemple de la grande mesure du prix unique du livre. Aucune mesure de cette envergure n\u2019existe pour les artistes-auteurs, qui restent \u2013 comme le dit le rapport Racine \u2013 dans l\u2019angle mort des politiques culturelles. C\u2019est pourtant au nom des cr\u00e9ateurs et de l\u2019exception culturelle que l\u2019Etat l\u00e9gif\u00e8re sur bien des sujets qui concernent l\u2019industrie. C\u2019est par ailleurs sans nous que des d\u00e9cisions majeures sur le droit d\u2019auteur sont prises.<\/p>\n<p style=\"text-align: justify;\">Si les mesures pr\u00e9conis\u00e9es sont appliqu\u00e9es, les artistes-auteurs cesseront enfin d\u2019\u00eatre l\u2019\u00e9ternelle variable d\u2019ajustement des industries cr\u00e9atives. Les cr\u00e9ateurs et cr\u00e9atrices retrouveront leur juste place.<\/p>\n<p style=\"text-align: justify;\">Nous en appelons \u00e0 l\u2019intervention de l\u2019\u00c9tat, pour donner aux cr\u00e9ateurs et cr\u00e9atrices de ce pays des conditions plus justes et dignes.<\/p>\n<p style=\"text-align: justify;\">Artistes-auteurs de tous les secteurs de la cr\u00e9ation fran\u00e7aise, nous soutenons ce rapport novateur et ses mesures essentielles. Pour une r\u00e9mun\u00e9ration plus juste, pour la reconnaissance du travail cr\u00e9atif, pour un statut professionnel, pour l\u2019am\u00e9lioration de nos droits sociaux, pour le nouveau cadre d\u2019un dialogue social sous l\u2019\u00e9gide de l\u2019\u00c9tat, pour que les artistes-auteurs ne soient plus les grands oubli\u00e9s de l\u2019exception culturelle fran\u00e7aise.<\/p>\n<p style=\"text-align: justify;\">Car sans cr\u00e9ateurs et cr\u00e9atrices, pas de cr\u00e9ation fran\u00e7aise.<\/p>\n<h4 style=\"text-align: justify;\">&gt; <a href=\"http:\/\/www.artistes-auteurs.fr\/tribune-fevrier-2020\/?fbclid=IwAR0YYY73vASxAM_QOHjwf7IcWEiy2wVrGkecxQ2jlXmLG9cjfHkNJ5a88NM\" target=\"_blank\" rel=\"noopener noreferrer\">3548 cr\u00e9ateurs et cr\u00e9atrices (dont mo\u00e2) ont sign\u00e9 cette tribune<\/a><\/h4>\n","protected":false},"excerpt":{"rendered":"<p>Soutien au rapport Bruno Racine Tribune publi\u00e9e dans Le Monde le 13 f\u00e9vrier 2020 \u00ab\u00a0Quiconque travaille a droit \u00e0 une r\u00e9mun\u00e9ration \u00e9quitable et satisfaisante lui assurant ainsi qu\u2019\u00e0 sa famille une existence conforme \u00e0 la dignit\u00e9 humaine\u00a0\u00bb Article 23 de la D\u00e9claration Universelle des Droits de l\u2019Homme Depuis la sortie du rapport Bruno Racine, portant<\/p>\n","protected":false},"author":1,"featured_media":507,"comment_status":"closed","ping_status":"closed","sticky":false,"template":"","format":"standard","meta":{"_acf_changed":false,"footnotes":""},"categories":[18,25,5],"tags":[],"fm_constellation":[139],"class_list":["post-506","post","type-post","status-publish","format-standard","has-post-thumbnail","hentry","category-reco","category-recos-textes","category-news"],"acf":[],"share_on_mastodon":{"url":"","error":""},"_links":{"self":[{"href":"https:\/\/francis-mizio.net\/index.php\/wp-json\/wp\/v2\/posts\/506","targetHints":{"allow":["GET"]}}],"collection":[{"href":"https:\/\/francis-mizio.net\/index.php\/wp-json\/wp\/v2\/posts"}],"about":[{"href":"https:\/\/francis-mizio.net\/index.php\/wp-json\/wp\/v2\/types\/post"}],"author":[{"embeddable":true,"href":"https:\/\/francis-mizio.net\/index.php\/wp-json\/wp\/v2\/users\/1"}],"replies":[{"embeddable":true,"href":"https:\/\/francis-mizio.net\/index.php\/wp-json\/wp\/v2\/comments?post=506"}],"version-history":[{"count":1,"href":"https:\/\/francis-mizio.net\/index.php\/wp-json\/wp\/v2\/posts\/506\/revisions"}],"predecessor-version":[{"id":3215,"href":"https:\/\/francis-mizio.net\/index.php\/wp-json\/wp\/v2\/posts\/506\/revisions\/3215"}],"wp:featuredmedia":[{"embeddable":true,"href":"https:\/\/francis-mizio.net\/index.php\/wp-json\/wp\/v2\/media\/507"}],"wp:attachment":[{"href":"https:\/\/francis-mizio.net\/index.php\/wp-json\/wp\/v2\/media?parent=506"}],"wp:term":[{"taxonomy":"category","embeddable":true,"href":"https:\/\/francis-mizio.net\/index.php\/wp-json\/wp\/v2\/categories?post=506"},{"taxonomy":"post_tag","embeddable":true,"href":"https:\/\/francis-mizio.net\/index.php\/wp-json\/wp\/v2\/tags?post=506"},{"taxonomy":"fm_constellation","embeddable":true,"href":"https:\/\/francis-mizio.net\/index.php\/wp-json\/wp\/v2\/fm_constellation?post=506"}],"curies":[{"name":"wp","href":"https:\/\/api.w.org\/{rel}","templated":true}]}}