{"id":5935,"date":"2025-09-03T10:00:05","date_gmt":"2025-09-03T08:00:05","guid":{"rendered":"https:\/\/francis-mizio.net\/?p=5935"},"modified":"2026-04-11T10:32:24","modified_gmt":"2026-04-11T08:32:24","slug":"granularisme-02-proces-verbal-de-la-reunion-fondatrice-du-mouvement-granulariste-29-aout-2025","status":"publish","type":"post","link":"https:\/\/francis-mizio.net\/index.php\/2025\/09\/03\/granularisme-02-proces-verbal-de-la-reunion-fondatrice-du-mouvement-granulariste-29-aout-2025\/","title":{"rendered":"[Granularisme 02] Proc\u00e8s verbal de la r\u00e9union fondatrice du Mouvement litt\u00e9raire granulariste du 29 ao\u00fbt 2025"},"content":{"rendered":"<p class=\"p1\" style=\"text-align: justify;\"><span style=\"color: #993300;\"><b>Proc\u00e8s-verbal de la premi\u00e8re r\u00e9union (dite fondatrice) du Mouvement litt\u00e9raire granulariste, <em>Mouvement pour une litt\u00e9rature granulaire ou dite \u00e0 granularit\u00e9 constante,<\/em> du <\/b><b>vendredi 29 ao\u00fbt 2025 &#8211; 18h.<\/b><\/span><\/p>\n<p style=\"text-align: justify;\"><em>Vous pourrez t\u00e9l\u00e9charger ci-dessous le proc\u00e8s verbal \/ compte rendu de cette r\u00e9union historique ; ferment et amorce, nous l&rsquo;esp\u00e9rons, d\u2019un vaste sursaut g\u00e9n\u00e9ral en faveur du renouveau de la litt\u00e9rature.<\/em><br \/>\n<b><\/b><\/p>\n<blockquote><p><strong><a href=\"https:\/\/francis-mizio.net\/wp-content\/uploads\/2025\/08\/PV-01-300825.pdf\" target=\"_blank\" rel=\"noopener\">T\u00e9l\u00e9charger ici le proc\u00e8s verbal du vendredi 29 ao\u00fbt 2025 (PDF &#8211; 6 pages &#8211; 231Ko)<\/a><br \/>\n<\/strong><\/p><\/blockquote>\n<p style=\"text-align: justify;\"><em>Chaque soutien, en sus du v\u00f4tre, est primordial, sinon n\u00e9cessaire. N\u2019h\u00e9sitez pas \u00e0 partager cet \u00e9v\u00e9nement. Chaque relais est en effet un grain qui nous permettra d\u2019\u00e9lever la dune de nos \u00e9mois litt\u00e9raires futurs au sommet de laquelle nous apercevrons avec plus de hauteur les horizons sereins d&rsquo;un avenir \u00e0 laquelle toutes et tous aspirent.<\/em><\/p>\n<hr \/>\n<p style=\"text-align: justify;\"><span class=\"s1\" style=\"color: #800000;\"><b>Prochain proc\u00e8s verbal : d\u00e9but octobre 2025.<\/b><\/span><b><br \/>\nPour \u00eatre tenu(e) au courant des publications concernant le Mouvement granulariste <\/b>(un seul courriel mensuel, si pertinent), <a href=\"mailto:francis.mizio@yahoo.fr\"><span class=\"s2\"><b>&gt; envoyez-moi SVP votre adresse avec en titre de message simplement \u00ab\u00a0Granularisme\u00a0\u00bb<\/b><\/span><\/a><b>.<br \/>\n<\/b>(Cette adresse vaut aussi pour toute question, suggestion, prise de contact, ralliement, adh\u00e9sion, m\u00e9c\u00e9nat, envoi de ch\u00e8ques cons\u00e9quents et de dons gratifiants, propositions d&rsquo;\u00e9dition, etc.<br \/>\nN\u2019h\u00e9sitez pas donc <strong><a href=\"mailto:francis.mizio@yahoo.fr\">\u00e0 nous \u00e9crire<\/a><\/strong>\u2026 Car si la litt\u00e9rature granulaire a son mouvement, c&rsquo;est qu&rsquo;elle est aussi <em>en<\/em> mouvement.)<\/p>\n<hr \/>\n<p style=\"text-align: justify;\"><strong>Index des archives granularistes :<\/strong><br \/>\n<ul class=\"lcp_catlist\" id=\"lcp_instance_0\"><li><a href=\"https:\/\/francis-mizio.net\/index.php\/2025\/11\/04\/granularisme-04-manifeste-du-manifeste-granulariste-pour-une-litterature-a-granularite-constante\/\">[Granularisme 04] Manifeste granulariste pour une litt\u00e9rature \u00e0 granularit\u00e9 constante<\/a><\/li><li><a href=\"https:\/\/francis-mizio.net\/index.php\/2025\/09\/30\/granularisme-03-communique-du-mlg-mouvement-litteraire-granulariste-du-30-septembre-2025\/\">[Granularisme 03] Communiqu\u00e9 du MLG, Mouvement Litt\u00e9raire Granulariste du 30 septembre 2025<\/a><\/li><li class=\"current\"><a href=\"https:\/\/francis-mizio.net\/index.php\/2025\/09\/03\/granularisme-02-proces-verbal-de-la-reunion-fondatrice-du-mouvement-granulariste-29-aout-2025\/\">[Granularisme 02] Proc\u00e8s verbal de la r\u00e9union fondatrice du Mouvement litt\u00e9raire granulariste du 29 ao\u00fbt 2025<\/a><\/li><li><a href=\"https:\/\/francis-mizio.net\/index.php\/2025\/08\/02\/granularisme-01-lancement-prochain-du-mouvement-pour-une-litterature-granulaire\/\">[Granularisme 01] Lancement le mois prochain du Mouvement pour une litt\u00e9rature granulaire<\/a><\/li><\/ul><\/p>\n","protected":false},"excerpt":{"rendered":"<p>Proc\u00e8s-verbal de la premi\u00e8re r\u00e9union (dite fondatrice) du Mouvement litt\u00e9raire granulariste, Mouvement pour une litt\u00e9rature granulaire ou dite \u00e0 granularit\u00e9 constante, du vendredi 29 ao\u00fbt 2025 &#8211; 18h. Vous pourrez t\u00e9l\u00e9charger ci-dessous le proc\u00e8s verbal \/ compte rendu de cette r\u00e9union historique ; ferment et amorce, nous l&rsquo;esp\u00e9rons, d\u2019un vaste sursaut g\u00e9n\u00e9ral en faveur du<\/p>\n","protected":false},"author":1,"featured_media":5950,"comment_status":"closed","ping_status":"closed","sticky":false,"template":"","format":"standard","meta":{"_acf_changed":false,"footnotes":""},"categories":[42,5],"tags":[],"fm_constellation":[143,142],"class_list":["post-5935","post","type-post","status-publish","format-standard","has-post-thumbnail","hentry","category-mouvement-pour-une-litterature-granulaire","category-news"],"acf":[],"share_on_mastodon":{"url":"https:\/\/piaille.fr\/@francismizio\/115139308409572805","error":""},"_links":{"self":[{"href":"https:\/\/francis-mizio.net\/index.php\/wp-json\/wp\/v2\/posts\/5935","targetHints":{"allow":["GET"]}}],"collection":[{"href":"https:\/\/francis-mizio.net\/index.php\/wp-json\/wp\/v2\/posts"}],"about":[{"href":"https:\/\/francis-mizio.net\/index.php\/wp-json\/wp\/v2\/types\/post"}],"author":[{"embeddable":true,"href":"https:\/\/francis-mizio.net\/index.php\/wp-json\/wp\/v2\/users\/1"}],"replies":[{"embeddable":true,"href":"https:\/\/francis-mizio.net\/index.php\/wp-json\/wp\/v2\/comments?post=5935"}],"version-history":[{"count":19,"href":"https:\/\/francis-mizio.net\/index.php\/wp-json\/wp\/v2\/posts\/5935\/revisions"}],"predecessor-version":[{"id":6101,"href":"https:\/\/francis-mizio.net\/index.php\/wp-json\/wp\/v2\/posts\/5935\/revisions\/6101"}],"wp:featuredmedia":[{"embeddable":true,"href":"https:\/\/francis-mizio.net\/index.php\/wp-json\/wp\/v2\/media\/5950"}],"wp:attachment":[{"href":"https:\/\/francis-mizio.net\/index.php\/wp-json\/wp\/v2\/media?parent=5935"}],"wp:term":[{"taxonomy":"category","embeddable":true,"href":"https:\/\/francis-mizio.net\/index.php\/wp-json\/wp\/v2\/categories?post=5935"},{"taxonomy":"post_tag","embeddable":true,"href":"https:\/\/francis-mizio.net\/index.php\/wp-json\/wp\/v2\/tags?post=5935"},{"taxonomy":"fm_constellation","embeddable":true,"href":"https:\/\/francis-mizio.net\/index.php\/wp-json\/wp\/v2\/fm_constellation?post=5935"}],"curies":[{"name":"wp","href":"https:\/\/api.w.org\/{rel}","templated":true}]}}