{"id":6213,"date":"2025-09-10T10:04:52","date_gmt":"2025-09-10T08:04:52","guid":{"rendered":"https:\/\/francis-mizio.net\/?p=6213"},"modified":"2026-04-11T10:45:10","modified_gmt":"2026-04-11T08:45:10","slug":"reco-textes-radio-france-lance-un-grand-appel-pour-la-liberte-de-savoir","status":"publish","type":"post","link":"https:\/\/francis-mizio.net\/index.php\/2025\/09\/10\/reco-textes-radio-france-lance-un-grand-appel-pour-la-liberte-de-savoir\/","title":{"rendered":"[Reco textes] Radio France lance un grand appel pour la Libert\u00e9 de Savoir (!)"},"content":{"rendered":"<p style=\"text-align: justify;\"><strong><em>[Plut\u00f4t que de seulement balancer un lien fugace sur Mastodon ou Bluesky, je publie cet appel \u2014 publi\u00e9 originellement sur LinkedIn \u2014 sur ce blog. <span style=\"color: #800000;\">Signez-le (?)&#8230; m\u00eame si cela peut ressembler \u00e0 un contre feu<\/span>, puisque ne soyons pas na\u00effs, France Inter m\u00e8ne par ailleurs ces temps-ci une guerre larv\u00e9e pour \u00e9radiquer des voix non align\u00e9es (Daniel Mermet il y a longtemps, mais depuis Guillaume Meurice, Emmanuel Kh\u00e9rad, Ya\u00ebl Goosz, Giula Fo\u00efs, Thomas Legrand&#8230;)].\u00a0<\/em><\/strong><\/p>\n<p style=\"text-align: justify;\"><span style=\"color: #800000;\"><strong>L&rsquo;appel :<\/strong><br \/>\n<\/span>Ces derni\u00e8res semaines nous ont offertes des illustrations de l\u2019influence persistante des \u00c9tats-Unis sur le cours du monde. C\u2019est le cas en mati\u00e8re g\u00e9opolitique. Mais c\u2019est le cas \u00e9galement culturellement : l\u2019influence symbolique et le pouvoir d\u2019entrainement de l\u2019Am\u00e9rique sur le reste du monde sont toujours actifs.<br \/>\nPourquoi l\u2019\u00e9voquer ici ? Parce qu&rsquo;on voit se r\u00e9pandre une forme de nouvel obscurantisme, que certains voudraient bien voir s\u2019exporter en Europe. La recherche, l\u2019enseignement, les m\u00e9dias sont attaqu\u00e9s dans un m\u00eame \u00e9lan. Ce n\u2019est pas un hasard, elles sont des maillons d\u2019une m\u00eame cha\u00eene, de la production jusqu&rsquo;\u00e0 la circulation des savoirs.<\/p>\n<p style=\"text-align: justify;\">C\u2019est un danger d\u00e9mocratique que de priver les citoyens des moyens de savoir, de comprendre, et de penser par eux-m\u00eames. Il n\u2019y a pas de libert\u00e9s individuelles autres, sans libert\u00e9 de savoir.<br \/>\nSi l\u2019\u00e9tat de la menace n\u2019est pas le m\u00eame sur le vieux continent, le populisme scientifique est d\u00e9j\u00e0 l\u00e0. Disqualifier la complexit\u00e9 et la nuance, substituer l\u2019opinion aux faits, imposer le diktat de l\u2019\u00e9motion au d\u00e9triment de la v\u00e9rit\u00e9.<\/p>\n<p style=\"text-align: justify;\">Il y a deux ans, conscients de notre responsabilit\u00e9 \u00e0 Radio France, nous avons voulu cr\u00e9er une alliance pour la connaissance avec une dizaine d\u2019Institutions avec lesquelles nous travaillons en \u00e9troite collaboration : le Coll\u00e8ge de France, l\u2019Institut de France, l\u2019Inria, \u00c9cole Polytechnique, le CNRS, Sciences Po, la BNF, le CNED, la CNIL&#8230;\u00a0De cette alliance \u00e9tait n\u00e9 Savoir +, une offre de diffusion \u00e9toff\u00e9e de contenus de savoirs, port\u00e9e par France Culture, accessible gratuitement sur notre plateforme num\u00e9rique.\u00a0Tout le monde devrait pouvoir b\u00e9n\u00e9ficier des grandes conf\u00e9rences, des grands cours et des productions de ces institutions, pas seulement ceux qui peuvent s\u2019y d\u00e9placer.<\/p>\n<p style=\"text-align: justify;\">Nous avons aussi d\u00e9velopp\u00e9 la pr\u00e9sence de chercheurs, d\u2019experts, de savants sur nos antennes. En moyenne chaque semaine, nous proposons 500 heures d\u2019antenne d\u00e9di\u00e9es aux savoirs de toutes les disciplines. Aucun autre m\u00e9dia ne joue un tel r\u00f4le de passeur et de vulgarisation des savoirs.<br \/>\nFace \u00e0 la progression insidieuse des menaces, du recul progressif de la confiance dans la v\u00e9rit\u00e9, nous pensons qu\u2019il faut une prise de conscience et de la vigilance collective.<\/p>\n<p style=\"text-align: justify;\">C\u2019est pourquoi nous lan\u00e7ons un grand appel pour la libert\u00e9 de savoir. Une tribune co-sign\u00e9e par d\u2019\u00e9minents repr\u00e9sentants de ces diff\u00e9rentes ar\u00e8nes du savoir, plusieurs grands cr\u00e9ateurs de contenus reconnus pour leur travail de diffusion des savoirs sur les r\u00e9seaux sociaux, mais aussi par les figures qui, sur nos antennes, s\u2019engagent \u00e0 faire circuler librement la connaissance.<\/p>\n<p style=\"text-align: justify;\">Notre tribune, qui comptabilise d\u00e9j\u00e0 pr\u00e8s de 2000 signataires, est ouverte \u00e0 la signature de toutes les Institutions, toutes les personnalit\u00e9s et tous les citoyens qui souhaitent y apporter leur soutien :<\/p>\n<p style=\"text-align: justify;\"><strong><a href=\"https:\/\/www.radiofrance.com\/actualite\/radio-france-lance-un-appel-pour-la-liberte-de-savoir\" target=\"_blank\" rel=\"noopener\">https:\/\/www.radiofrance.com\/actualite\/radio-france-lance-un-appel-pour-la-liberte-de-savoir<\/a><\/strong><\/p>\n","protected":false},"excerpt":{"rendered":"<p>[Plut\u00f4t que de seulement balancer un lien fugace sur Mastodon ou Bluesky, je publie cet appel \u2014 publi\u00e9 originellement sur LinkedIn \u2014 sur ce blog. Signez-le (?)&#8230; m\u00eame si cela peut ressembler \u00e0 un contre feu, puisque ne soyons pas na\u00effs, France Inter m\u00e8ne par ailleurs ces temps-ci une guerre larv\u00e9e pour \u00e9radiquer des voix<\/p>\n","protected":false},"author":1,"featured_media":6214,"comment_status":"closed","ping_status":"closed","sticky":false,"template":"","format":"standard","meta":{"_acf_changed":false,"footnotes":""},"categories":[33,18,25,5],"tags":[],"fm_constellation":[139],"class_list":["post-6213","post","type-post","status-publish","format-standard","has-post-thumbnail","hentry","category-mode-degrade","category-reco","category-recos-textes","category-news"],"acf":[],"share_on_mastodon":{"url":"https:\/\/piaille.fr\/@francismizio\/115178962584149286","error":""},"_links":{"self":[{"href":"https:\/\/francis-mizio.net\/index.php\/wp-json\/wp\/v2\/posts\/6213","targetHints":{"allow":["GET"]}}],"collection":[{"href":"https:\/\/francis-mizio.net\/index.php\/wp-json\/wp\/v2\/posts"}],"about":[{"href":"https:\/\/francis-mizio.net\/index.php\/wp-json\/wp\/v2\/types\/post"}],"author":[{"embeddable":true,"href":"https:\/\/francis-mizio.net\/index.php\/wp-json\/wp\/v2\/users\/1"}],"replies":[{"embeddable":true,"href":"https:\/\/francis-mizio.net\/index.php\/wp-json\/wp\/v2\/comments?post=6213"}],"version-history":[{"count":6,"href":"https:\/\/francis-mizio.net\/index.php\/wp-json\/wp\/v2\/posts\/6213\/revisions"}],"predecessor-version":[{"id":6220,"href":"https:\/\/francis-mizio.net\/index.php\/wp-json\/wp\/v2\/posts\/6213\/revisions\/6220"}],"wp:featuredmedia":[{"embeddable":true,"href":"https:\/\/francis-mizio.net\/index.php\/wp-json\/wp\/v2\/media\/6214"}],"wp:attachment":[{"href":"https:\/\/francis-mizio.net\/index.php\/wp-json\/wp\/v2\/media?parent=6213"}],"wp:term":[{"taxonomy":"category","embeddable":true,"href":"https:\/\/francis-mizio.net\/index.php\/wp-json\/wp\/v2\/categories?post=6213"},{"taxonomy":"post_tag","embeddable":true,"href":"https:\/\/francis-mizio.net\/index.php\/wp-json\/wp\/v2\/tags?post=6213"},{"taxonomy":"fm_constellation","embeddable":true,"href":"https:\/\/francis-mizio.net\/index.php\/wp-json\/wp\/v2\/fm_constellation?post=6213"}],"curies":[{"name":"wp","href":"https:\/\/api.w.org\/{rel}","templated":true}]}}