{"id":6223,"date":"2025-09-11T10:00:53","date_gmt":"2025-09-11T08:00:53","guid":{"rendered":"https:\/\/francis-mizio.net\/?p=6223"},"modified":"2026-04-11T10:45:10","modified_gmt":"2026-04-11T08:45:10","slug":"reco-medias-la-gazette-de-nicole-numero-special-200-portraits-gratuit-est-en-ligne","status":"publish","type":"post","link":"https:\/\/francis-mizio.net\/index.php\/2025\/09\/11\/reco-medias-la-gazette-de-nicole-numero-special-200-portraits-gratuit-est-en-ligne\/","title":{"rendered":"[Reco m\u00e9dias] \u00ab\u00a0La gazette de Nicole\u00a0\u00bb num\u00e9ro sp\u00e9cial 200 portraits, gratuit, est en ligne"},"content":{"rendered":"<p style=\"text-align: left;\"><span style=\"color: #800000;\"><strong><em>Je laisse la c\u00e9l\u00e8bre Nicole Est\u00e9rolle qui milite contre le foutoir de l&rsquo;art conceptuel (via une infolettre lue par une bonne dizaine de milliers d&rsquo;abonn\u00e9s) pr\u00e9senter ce num\u00e9ro de sa gazette (qui comprend bien des \u0153uvres sacr\u00e9ment int\u00e9ressantes&#8230;) :<br \/>\n<\/em><\/strong><\/span><br \/>\n<strong>LA GAZETTE DE NICOLE N\u00b0 81 EST EN LIGNE : \u00ab LA PORTRAITURE D\u00c9CHAIN\u00c9E \u00bb<\/strong><\/p>\n<p>C\u2019est le titre que nous avons donn\u00e9 au num\u00e9ro sp\u00e9cial de la Gazette de Nicole, avec plus de 200 portraits de la m\u00eame libert\u00e9 (en fin de ce texte).<br \/>\nCe num\u00e9ro est somptueux, gratuit, g\u00e9n\u00e9reux, chaleureux, roboratif, tropical, euphorisant, expectorant, \u00e9co-responsable et durable, r\u00e9gressiste populaire, id\u00e9ologiquement neutre, sensuel et anti-conceptuel, terriblement humain, consommable et partageable sans mod\u00e9ration.<\/p>\n<p style=\"text-align: justify;\">Le visage, avec un nez, une bouche des yeux (accessoirement des oreilles, et des cheveux) a \u00e9t\u00e9 depuis la nuit des temps le premier sujet de repr\u00e9sentation de l\u2019homme, d\u00e8s qu\u2019il a su dessiner.<br \/>\nRien de plus figuratif, bien \u00e9videmment, que l\u2019art de la figure humaine ou portrait.<br \/>\nRien de plus propice \u00e0 l\u2019invention picturale.<br \/>\nPas de meilleur terrain pour l\u2019aventure et la libre expression !<br \/>\nPas de meilleur acte de r\u00e9sistance contre l\u2019actuel totalitarisme conceptualo-bidulaire contemporain, ennemi de la libert\u00e9 artistique.<br \/>\nPour ce num\u00e9ro sp\u00e9cial de la Gazette nous vous avons choisi une bonne deux-centaine de portraits qui figurent ou figureront dans le <a href=\"http:\/\/nicolemuseum.fr\/\" target=\"_blank\" rel=\"noopener\">nicolemuseum.fr<\/a><\/p>\n<p style=\"text-align: justify;\">Deux cents portraits d\u2019une libert\u00e9 et d\u2019une inventivit\u00e9 \u00e9poustouflantes, et qui, pour cela, permettent d\u2019esp\u00e9rer encore de l\u2019humanit\u00e9, malgr\u00e9 les bureaucraties culturelles de tous les pays et de tous temps\u2026 et malgr\u00e9 la banane de Cattelan\u2026<\/p>\n<p style=\"text-align: justify;\">Nous souhaiterions que ces images de haute intensit\u00e9 visuelle soient port\u00e9es au regard des \u00e9l\u00e8ves de nos actuelles \u00e9coles publiques des Beaux-Arts, de leurs profs, des directeurs de FRAC, des addicts de Buren, des plasticiens conceptualo-bidulaires, etc\u2026 et de toute la volaille culturelle institutionnelle, qui ne veut pas savoir bien \u00e9videmment que cette cr\u00e9ation existe, pour pr\u00e9server cette inculture qui la qualifie dans le syst\u00e8me qui les emploie et les a d\u00e9c\u00e9r\u00e9br\u00e9s.<\/p>\n<p style=\"text-align: center;\"><span style=\"color: #800000;\"><strong><em>Cliquez sur l&rsquo;image pour afficher<br \/>\nle diaporama en grand format:<br \/>\n<\/em><\/strong><\/span><br \/>\n<iframe loading=\"lazy\" title=\"&lt;Titre&gt;\" src=\"https:\/\/75eb0734.flowpaper.com\/LAGAZETTEDENICOLE081\/\" width=\"400\" height=\"300\" frameborder=\"0\" marginwidth=\"0\" marginheight=\"0\" scrolling=\"no\" allowfullscreen=\"allowfullscreen\"><\/iframe><\/p>\n","protected":false},"excerpt":{"rendered":"<p>Je laisse la c\u00e9l\u00e8bre Nicole Est\u00e9rolle qui milite contre le foutoir de l&rsquo;art conceptuel (via une infolettre lue par une bonne dizaine de milliers d&rsquo;abonn\u00e9s) pr\u00e9senter ce num\u00e9ro de sa gazette (qui comprend bien des \u0153uvres sacr\u00e9ment int\u00e9ressantes&#8230;) : LA GAZETTE DE NICOLE N\u00b0 81 EST EN LIGNE : \u00ab LA PORTRAITURE D\u00c9CHAIN\u00c9E \u00bb C\u2019est<\/p>\n","protected":false},"author":1,"featured_media":6226,"comment_status":"closed","ping_status":"closed","sticky":false,"template":"","format":"standard","meta":{"_acf_changed":false,"footnotes":""},"categories":[18,26,5],"tags":[],"fm_constellation":[139],"class_list":["post-6223","post","type-post","status-publish","format-standard","has-post-thumbnail","hentry","category-reco","category-recos-medias","category-news"],"acf":[],"share_on_mastodon":{"url":"https:\/\/piaille.fr\/@francismizio\/115184609645581690","error":""},"_links":{"self":[{"href":"https:\/\/francis-mizio.net\/index.php\/wp-json\/wp\/v2\/posts\/6223","targetHints":{"allow":["GET"]}}],"collection":[{"href":"https:\/\/francis-mizio.net\/index.php\/wp-json\/wp\/v2\/posts"}],"about":[{"href":"https:\/\/francis-mizio.net\/index.php\/wp-json\/wp\/v2\/types\/post"}],"author":[{"embeddable":true,"href":"https:\/\/francis-mizio.net\/index.php\/wp-json\/wp\/v2\/users\/1"}],"replies":[{"embeddable":true,"href":"https:\/\/francis-mizio.net\/index.php\/wp-json\/wp\/v2\/comments?post=6223"}],"version-history":[{"count":3,"href":"https:\/\/francis-mizio.net\/index.php\/wp-json\/wp\/v2\/posts\/6223\/revisions"}],"predecessor-version":[{"id":6227,"href":"https:\/\/francis-mizio.net\/index.php\/wp-json\/wp\/v2\/posts\/6223\/revisions\/6227"}],"wp:featuredmedia":[{"embeddable":true,"href":"https:\/\/francis-mizio.net\/index.php\/wp-json\/wp\/v2\/media\/6226"}],"wp:attachment":[{"href":"https:\/\/francis-mizio.net\/index.php\/wp-json\/wp\/v2\/media?parent=6223"}],"wp:term":[{"taxonomy":"category","embeddable":true,"href":"https:\/\/francis-mizio.net\/index.php\/wp-json\/wp\/v2\/categories?post=6223"},{"taxonomy":"post_tag","embeddable":true,"href":"https:\/\/francis-mizio.net\/index.php\/wp-json\/wp\/v2\/tags?post=6223"},{"taxonomy":"fm_constellation","embeddable":true,"href":"https:\/\/francis-mizio.net\/index.php\/wp-json\/wp\/v2\/fm_constellation?post=6223"}],"curies":[{"name":"wp","href":"https:\/\/api.w.org\/{rel}","templated":true}]}}